{"id":1015,"date":"2015-08-13T11:18:47","date_gmt":"2015-08-13T09:18:47","guid":{"rendered":"http:\/\/bo-wat-geht.buergerbegehren-musikzentrum.de\/?p=1015"},"modified":"2015-11-09T12:56:43","modified_gmt":"2015-11-09T11:56:43","slug":"20152169-viktoriastrassemarienplatzhumboldtstrasse-umgestaltung-der-oeffentlichen-gehwege-im-umfeld-des-musikzentrums","status":"publish","type":"post","link":"http:\/\/bojournal.de\/?p=1015","title":{"rendered":"20152169 &#8211; Viktoriastra\u00dfe\/Marienplatz\/Humboldtstra\u00dfe, Umgestaltung der \u00f6ffentlichen Gehwege im Umfeld des Musikzentrums"},"content":{"rendered":"<p>\u00c4nderungsantrag<br \/>\nzur 7. Sitzung des Ausschusses f\u00fcr Infrastruktur und Mobilit\u00e4t am 13.08.2015<\/p>\n<p>hier: <strong>TOP 1.3 \u2013 Viktoriastra\u00dfe\/Marienplatz\/Humboldtstra\u00dfe, Umgestaltung der<\/strong><br \/>\n<strong> \u00f6ffentlichen Gehwege im Umfeld des Musikzentrums<\/strong><\/p>\n<p>Die Fraktion &#8222;FDP &amp; DIE STADTGESTALTER&#8220; beantragt folgende \u00c4nderung:<br \/>\n(Einf\u00fcgung bei Punkt 3 in der Begr\u00fcndung zwischen &#8222;beidseitig zum Einsatz.&#8220; und &#8222;Die<br \/>\nErneuerung der Beleuchtung\u2026&#8220; als neuer Absatz.)<br \/>\n&#8222;Im Zuge der Umgestaltung ist der bestehende Radweg aus dem Gehwegbereich<br \/>\nherauszul\u00f6sen und als Angebots- bzw. Schutzstreifen auf die Verkehrsfl\u00e4che der<br \/>\nViktoriastra\u00dfe zu verlegen.&#8220;<\/p>\n<p>Begr\u00fcndung:<br \/>\nDie Begr\u00fcndung erfolgt m\u00fcndlich<\/p>\n<p><a href=\"https:\/\/session.bochum.de\/bi\/getfile.php?id=347591&amp;type=do\" target=\"_blank\">20152169<\/a> \u00c4nderungsantrag als pdf<br \/>\n<a href=\"https:\/\/session.bochum.de\/bi\/vo0050.php?__kvonr=7060003&amp;voselect=6831\" target=\"_blank\">20151556<\/a> Beschlussvorlage<\/p>\n","protected":false},"excerpt":{"rendered":"<p>\u00c4nderungsantrag zur 7. Sitzung des Ausschusses f\u00fcr Infrastruktur und Mobilit\u00e4t am 13.08.2015 hier: TOP 1.3 \u2013 Viktoriastra\u00dfe\/Marienplatz\/Humboldtstra\u00dfe, Umgestaltung der \u00f6ffentlichen Gehwege im Umfeld des Musikzentrums Die Fraktion &#8222;FDP &amp; DIE STADTGESTALTER&#8220; beantragt folgende \u00c4nderung: (Einf\u00fcgung bei Punkt 3 in der Begr\u00fcndung zwischen &#8222;beidseitig zum Einsatz.&#8220; und &#8222;Die Erneuerung der Beleuchtung\u2026&#8220; als neuer Absatz.) &#8222;Im Zuge<a class=\"read-more\" href=\"http:\/\/bojournal.de\/?p=1015\"> [&hellip;]<\/a><\/p>\n","protected":false},"author":268,"featured_media":0,"comment_status":"open","ping_status":"open","sticky":false,"template":"","format":"standard","meta":{"footnotes":""},"categories":[54],"tags":[88,200,203,69,68,89,202,197],"class_list":["post-1015","post","type-post","status-publish","format-standard","hentry","category-antrag","tag-fahrrad","tag-fussgaenger","tag-gehweg","tag-musikforum","tag-musikzentrum","tag-rad","tag-radweg","tag-verkehr"],"publishpress_future_action":{"enabled":false,"date":"2026-05-06 16:36:53","action":"change-status","newStatus":"draft","terms":[],"taxonomy":"category","extraData":[]},"publishpress_future_workflow_manual_trigger":{"enabledWorkflows":[]},"_links":{"self":[{"href":"http:\/\/bojournal.de\/index.php?rest_route=\/wp\/v2\/posts\/1015","targetHints":{"allow":["GET"]}}],"collection":[{"href":"http:\/\/bojournal.de\/index.php?rest_route=\/wp\/v2\/posts"}],"about":[{"href":"http:\/\/bojournal.de\/index.php?rest_route=\/wp\/v2\/types\/post"}],"author":[{"embeddable":true,"href":"http:\/\/bojournal.de\/index.php?rest_route=\/wp\/v2\/users\/268"}],"replies":[{"embeddable":true,"href":"http:\/\/bojournal.de\/index.php?rest_route=%2Fwp%2Fv2%2Fcomments&post=1015"}],"version-history":[{"count":2,"href":"http:\/\/bojournal.de\/index.php?rest_route=\/wp\/v2\/posts\/1015\/revisions"}],"predecessor-version":[{"id":1017,"href":"http:\/\/bojournal.de\/index.php?rest_route=\/wp\/v2\/posts\/1015\/revisions\/1017"}],"wp:attachment":[{"href":"http:\/\/bojournal.de\/index.php?rest_route=%2Fwp%2Fv2%2Fmedia&parent=1015"}],"wp:term":[{"taxonomy":"category","embeddable":true,"href":"http:\/\/bojournal.de\/index.php?rest_route=%2Fwp%2Fv2%2Fcategories&post=1015"},{"taxonomy":"post_tag","embeddable":true,"href":"http:\/\/bojournal.de\/index.php?rest_route=%2Fwp%2Fv2%2Ftags&post=1015"}],"curies":[{"name":"wp","href":"https:\/\/api.w.org\/{rel}","templated":true}]}}