{"id":1018,"date":"2015-08-13T11:31:07","date_gmt":"2015-08-13T09:31:07","guid":{"rendered":"http:\/\/bo-wat-geht.buergerbegehren-musikzentrum.de\/?p=1018"},"modified":"2015-11-09T12:55:57","modified_gmt":"2015-11-09T11:55:57","slug":"20152173-strategiepapier-mobilitaet","status":"publish","type":"post","link":"http:\/\/bojournal.de\/?p=1018","title":{"rendered":"20152173 &#8211; Strategiepapier Mobilit\u00e4t"},"content":{"rendered":"<p>\u00c4nderungsantrag<br \/>\nzur 7. Sitzung des Ausschusses f\u00fcr Infrastruktur und Mobilit\u00e4t am 13.08.2015<br \/>\nhier: TOP 3.1 \u2013 <strong>Strategiepapier Mobilit\u00e4t<\/strong><\/p>\n<p>Die Fraktion &#8222;FDP &amp; DIE STADTGESTALTER&#8220; beantragt folgende \u00c4nderung:<br \/>\n(Einf\u00fcgung nach &#8222;B. Oberziel&#8220; am Ende des Abschnitts in Anlage 1 &#8222;Strategiepapier<br \/>\nMobilit\u00e4t&#8220;)<\/p>\n<p>&#8222;Vor diesem Hintergrund ist auch eine Vertiefung der Zusammenarbeit mit den<br \/>\nangrenzenden Kommunen in diesem Themenfeld zu forcieren. Hierbei ist insbesondere<br \/>\neine Vereinheitlichung der Tr\u00e4gerschaft des \u00d6PNVs anzustreben.&#8220;<\/p>\n<p>Begr\u00fcndung:<br \/>\nDie Begr\u00fcndung erfolgt m\u00fcndlich.<\/p>\n<p><a href=\"https:\/\/session.bochum.de\/bi\/getfile.php?id=347613&amp;type=do\" target=\"_blank\">20152173<\/a> \u00c4nderungsantrag als pdf-Datei<br \/>\n<a href=\"https:\/\/session.bochum.de\/bi\/vo0050.php?__kvonr=7059856&amp;voselect=6831\" target=\"_blank\">20151410<\/a> Beschlussvorlage<\/p>\n","protected":false},"excerpt":{"rendered":"<p>\u00c4nderungsantrag zur 7. Sitzung des Ausschusses f\u00fcr Infrastruktur und Mobilit\u00e4t am 13.08.2015 hier: TOP 3.1 \u2013 Strategiepapier Mobilit\u00e4t Die Fraktion &#8222;FDP &amp; DIE STADTGESTALTER&#8220; beantragt folgende \u00c4nderung: (Einf\u00fcgung nach &#8222;B. Oberziel&#8220; am Ende des Abschnitts in Anlage 1 &#8222;Strategiepapier Mobilit\u00e4t&#8220;) &#8222;Vor diesem Hintergrund ist auch eine Vertiefung der Zusammenarbeit mit den angrenzenden Kommunen in diesem<a class=\"read-more\" href=\"http:\/\/bojournal.de\/?p=1018\"> [&hellip;]<\/a><\/p>\n","protected":false},"author":268,"featured_media":0,"comment_status":"open","ping_status":"open","sticky":false,"template":"","format":"standard","meta":{"footnotes":""},"categories":[54],"tags":[88,200,198,89,199,201,197],"class_list":["post-1018","post","type-post","status-publish","format-standard","hentry","category-antrag","tag-fahrrad","tag-fussgaenger","tag-mobilitaet","tag-rad","tag-strassen","tag-strategie","tag-verkehr"],"publishpress_future_action":{"enabled":false,"date":"2026-05-06 17:55:43","action":"change-status","newStatus":"draft","terms":[],"taxonomy":"category","extraData":[]},"publishpress_future_workflow_manual_trigger":{"enabledWorkflows":[]},"_links":{"self":[{"href":"http:\/\/bojournal.de\/index.php?rest_route=\/wp\/v2\/posts\/1018","targetHints":{"allow":["GET"]}}],"collection":[{"href":"http:\/\/bojournal.de\/index.php?rest_route=\/wp\/v2\/posts"}],"about":[{"href":"http:\/\/bojournal.de\/index.php?rest_route=\/wp\/v2\/types\/post"}],"author":[{"embeddable":true,"href":"http:\/\/bojournal.de\/index.php?rest_route=\/wp\/v2\/users\/268"}],"replies":[{"embeddable":true,"href":"http:\/\/bojournal.de\/index.php?rest_route=%2Fwp%2Fv2%2Fcomments&post=1018"}],"version-history":[{"count":1,"href":"http:\/\/bojournal.de\/index.php?rest_route=\/wp\/v2\/posts\/1018\/revisions"}],"predecessor-version":[{"id":1019,"href":"http:\/\/bojournal.de\/index.php?rest_route=\/wp\/v2\/posts\/1018\/revisions\/1019"}],"wp:attachment":[{"href":"http:\/\/bojournal.de\/index.php?rest_route=%2Fwp%2Fv2%2Fmedia&parent=1018"}],"wp:term":[{"taxonomy":"category","embeddable":true,"href":"http:\/\/bojournal.de\/index.php?rest_route=%2Fwp%2Fv2%2Fcategories&post=1018"},{"taxonomy":"post_tag","embeddable":true,"href":"http:\/\/bojournal.de\/index.php?rest_route=%2Fwp%2Fv2%2Ftags&post=1018"}],"curies":[{"name":"wp","href":"https:\/\/api.w.org\/{rel}","templated":true}]}}