{"id":1757,"date":"2016-07-22T13:01:27","date_gmt":"2016-07-22T11:01:27","guid":{"rendered":"http:\/\/bojournal.buergerbegehren-musikzentrum.de\/?p=1757"},"modified":"2016-08-12T16:16:16","modified_gmt":"2016-08-12T14:16:16","slug":"dietrich-benking-strasse-fuer-den-radverkehr-freigeben","status":"publish","type":"post","link":"http:\/\/bojournal.de\/?p=1757","title":{"rendered":"Dietrich-Benking-Stra\u00dfe f\u00fcr den Radverkehr freigeben"},"content":{"rendered":"<p>Die Fraktion &#8222;FDP &amp; DIE STADTGESTALTER&#8220; beantragte in der Juli-Sitzung des Ausschusses f\u00fcr Infrastruktur und Mobilit\u00e4t die Freigabe der Dietrich-Benking-Stra\u00dfe f\u00fcr den Radverkehr. Hintergrund f\u00fcr den Antrag ist die Situation, dass der f\u00fcr den Radweg freigegebene Gehweg unvermittelt auf einem Fu\u00dfg\u00e4ngerweg endet, auf dem das Radfahren nicht mehr gestattet ist.<\/p>\n<p>Dies hat zur Folge, dass die Radfahrer den folgenden Gehweg widerrechtlich weiter benutzen oder absteigen und schieben m\u00fcssten. Die Breite der Fu\u00df- und Radwege wird in einigen Bereichen zudem durch Haltestellenanlagen und Baumscheiben erheblich eingeschr\u00e4nkt. Im ganzen Verlauf der Stra\u00dfe kommt es aufgrund der beschriebenen Verkehrsf\u00fchrung zu gef\u00e4hrlichen Begegnungen zwischen Fu\u00dfg\u00e4ngern und Radfahrern.<\/p>\n<p>Um diese gef\u00e4hrlichen Begegnungspunkte zwischen den Verkehrsteilnehmern zu entsch\u00e4rfen, soll die Benutzungspflicht f\u00fcr Radfahrer auf dem kombinierten Zweirichtungsfu\u00dfg\u00e4nger- und -radweg entfallen. Die Gehwege sollen als reine Fu\u00dfg\u00e4ngerwege beschildert werden.<\/p>\n<p>Die Verwaltung soll daher eine moderne Radverkehrsf\u00fchrung erarbeiten. Dabei soll sie pr\u00fcfen, ob die Markierung von Radschutzstreifen in beiden Fahrrichtungen auf dieser Stra\u00dfe umsetzbar ist.<\/p>\n<p>Der Antrag der Fraktion &#8222;FDP &amp; DIE STADTGESTALTER&#8220; wurde vom Ausschuss mit \u00c4nderungen einstimmig angenommen. Die \u00c4nderungen bestehen darin, dass zun\u00e4chst ein Pr\u00fcfauftrag an die Verwaltung erfolgen soll, um m\u00f6gliche Schwierigkeiten gegebenenfalls noch ausgeb\u00fcgelt werden k\u00f6nnen. Ebenso soll der n\u00f6rdliche Teil der Dietrich-Benking-Stra\u00dfe aus den Planungen herausfallen, weil dort der Radverkehr \u00fcber die deutlich ruhigere Parallelstra\u00dfe l\u00e4uft.<\/p>\n<p>Am Ende ist eine gemeinsam abgestimmte Entscheidung gefallen, die das Ziel hat, die dortige Verkehrssituation f\u00fcr Radfahrer und Fu\u00dfg\u00e4nger zu verbessern und sicherer zu machen.<\/p>\n","protected":false},"excerpt":{"rendered":"<p>Die Fraktion &#8222;FDP &amp; DIE STADTGESTALTER&#8220; beantragte in der Juli-Sitzung des Ausschusses f\u00fcr Infrastruktur und Mobilit\u00e4t die Freigabe der Dietrich-Benking-Stra\u00dfe f\u00fcr den Radverkehr. Hintergrund f\u00fcr den Antrag ist die Situation, dass der f\u00fcr den Radweg freigegebene Gehweg unvermittelt auf einem Fu\u00dfg\u00e4ngerweg endet, auf dem das Radfahren nicht mehr gestattet ist. Dies hat zur Folge, dass<a class=\"read-more\" href=\"http:\/\/bojournal.de\/?p=1757\"> [&hellip;]<\/a><\/p>\n","protected":false},"author":271,"featured_media":1758,"comment_status":"open","ping_status":"open","sticky":false,"template":"","format":"standard","meta":{"footnotes":""},"categories":[13,1],"tags":[200,336,87,199],"class_list":["post-1757","post","type-post","status-publish","format-standard","has-post-thumbnail","hentry","category-rat","category-umwelt","tag-fussgaenger","tag-fusswege","tag-radverkehr","tag-strassen"],"publishpress_future_action":{"enabled":false,"date":"2026-05-06 16:53:18","action":"change-status","newStatus":"draft","terms":[],"taxonomy":"category","extraData":[]},"publishpress_future_workflow_manual_trigger":{"enabledWorkflows":[]},"_links":{"self":[{"href":"http:\/\/bojournal.de\/index.php?rest_route=\/wp\/v2\/posts\/1757","targetHints":{"allow":["GET"]}}],"collection":[{"href":"http:\/\/bojournal.de\/index.php?rest_route=\/wp\/v2\/posts"}],"about":[{"href":"http:\/\/bojournal.de\/index.php?rest_route=\/wp\/v2\/types\/post"}],"author":[{"embeddable":true,"href":"http:\/\/bojournal.de\/index.php?rest_route=\/wp\/v2\/users\/271"}],"replies":[{"embeddable":true,"href":"http:\/\/bojournal.de\/index.php?rest_route=%2Fwp%2Fv2%2Fcomments&post=1757"}],"version-history":[{"count":2,"href":"http:\/\/bojournal.de\/index.php?rest_route=\/wp\/v2\/posts\/1757\/revisions"}],"predecessor-version":[{"id":1761,"href":"http:\/\/bojournal.de\/index.php?rest_route=\/wp\/v2\/posts\/1757\/revisions\/1761"}],"wp:featuredmedia":[{"embeddable":true,"href":"http:\/\/bojournal.de\/index.php?rest_route=\/wp\/v2\/media\/1758"}],"wp:attachment":[{"href":"http:\/\/bojournal.de\/index.php?rest_route=%2Fwp%2Fv2%2Fmedia&parent=1757"}],"wp:term":[{"taxonomy":"category","embeddable":true,"href":"http:\/\/bojournal.de\/index.php?rest_route=%2Fwp%2Fv2%2Fcategories&post=1757"},{"taxonomy":"post_tag","embeddable":true,"href":"http:\/\/bojournal.de\/index.php?rest_route=%2Fwp%2Fv2%2Ftags&post=1757"}],"curies":[{"name":"wp","href":"https:\/\/api.w.org\/{rel}","templated":true}]}}