{"id":2021,"date":"2017-02-21T14:12:36","date_gmt":"2017-02-21T13:12:36","guid":{"rendered":"http:\/\/bojournal.buergerbegehren-musikzentrum.de\/?p=2021"},"modified":"2017-03-01T21:57:00","modified_gmt":"2017-03-01T20:57:00","slug":"heute-schon-an-morgen-denken-oeffnungszeiten-der-freibaeder-im-sommer-2017-soll-sich-nach-dem-wetter-richten","status":"publish","type":"post","link":"http:\/\/bojournal.de\/?p=2021","title":{"rendered":"Heute schon an Morgen denken: \u00d6ffnungszeiten der Freib\u00e4der im Sommer 2017 soll sich nach dem Wetter richten."},"content":{"rendered":"<p><strong>Bei den Planungen f\u00fcr die Freibadsaison 2017 gilt es, heute schon an Morgen zu denken. Zwar sind wir aktuell noch froh, wenn es \u00fcberhaupt ein paar Sonnenstrahlen gibt, aber der Sommer kommt bestimmt. Wer nicht m\u00f6chte, dass die Freibadsaison an den vielleicht sch\u00f6nsten Tagen ins Wasser f\u00e4llt, der muss heute schon auf eine flexible Planung der \u00d6ffnungszeiten pochen.<\/strong><\/p>\n<p><a href=\"https:\/\/bojournal.de\/files\/2017\/02\/FDP-SG_Freibad\u00f6ffnungszeiten2017_final-min.png\"><img loading=\"lazy\" decoding=\"async\" class=\"alignleft size-medium wp-image-2022\" src=\"https:\/\/bojournal.de\/files\/2017\/02\/FDP-SG_Freibad\u00f6ffnungszeiten2017_final-min-300x188.png\" alt=\"\" width=\"300\" height=\"188\" srcset=\"http:\/\/bojournal.de\/files\/2017\/02\/FDP-SG_Freibad\u00f6ffnungszeiten2017_final-min-300x188.png 300w, http:\/\/bojournal.de\/files\/2017\/02\/FDP-SG_Freibad\u00f6ffnungszeiten2017_final-min-768x480.png 768w, http:\/\/bojournal.de\/files\/2017\/02\/FDP-SG_Freibad\u00f6ffnungszeiten2017_final-min.png 798w\" sizes=\"auto, (max-width: 300px) 100vw, 300px\" \/><\/a>Was bei Eisdielen und Stra\u00dfencaf\u00e9s so wunderbar funktioniert, das sollte auch f\u00fcr st\u00e4dtische Freib\u00e4der kein Hexenwerk sein. Wenn die Sonne scheint, wird entsprechend ge\u00f6ffnet. So einfach k\u00f6nnte das auch f\u00fcr die kommende Freibadsaison sein. In Bochum wird man vom Sommerwetter nicht verw\u00f6hnt, daher m\u00fcssen wir schon in den anlaufenden Planungen daf\u00fcr sorgen, dass Kinder, Jugendliche und Erwachsene keinen Sommertag im Freibad verpassen m\u00fcssen, nur weil die Stadt zu unflexibel ist.<\/p>\n<p>F\u00fcr Leute, die mit dem Blick auf das aktuelle Kalenderblatt bei diesem Thema schmunzeln, sei erw\u00e4hnt: Wenn wir nicht jetzt schon daf\u00fcr sorgen, dass genug Personal f\u00fcr den flexiblen Betrieb der Freib\u00e4der vorhanden ist, dann trifft das \u00fcbrigens haupts\u00e4chlich viele Familien, die sich die Reise in die S\u00fcdsee oder in die Mittelmeersonne in diesem Jahr finanziell oder terminlich nicht erlauben k\u00f6nnen. Die sind darauf angewiesen, dass man den knappen Sonnenschein in Bochum mit den Kindern genie\u00dfen kann.<\/p>\n<p>Schon im letzten Jahr hat die Fraktion &#8222;FDP &amp; DIE STADTGESTALTER&#8220; darauf gedr\u00e4ngt, dass die Freib\u00e4der l\u00e4nger als geplant ge\u00f6ffnet haben. Es zeigte sich n\u00e4mlich, dass sich der Wettergott nicht an den Verwaltungskalender h\u00e4lt und auch im September 2016 noch sch\u00f6ne und warme Sonnentage eingeschoben hat. Die Besucherzahlen der verl\u00e4ngerten \u00d6ffnungszeiten 2016 sollten eigentlich auch schon seit einigen Monaten nachgereicht worden sein, was bislang noch nicht geschehen ist. Auf diese Erfahrungswerte darf man aber nicht verzichten, wenn man in die Planungen f\u00fcr 2017 einsteigt. Die Fraktion FDP &amp; DIE STDTGESTALTER pocht bei der Verwaltung darauf, dies so schnell wie m\u00f6glich nachzuliefern.<\/p>\n<p>Die Fraktion &#8222;FDP &amp; DIE STADTGESTALTER&#8220; hat dazu im Sportausschuss am 17.04.2017 eine Anfrage an die Verwaltung gestellt. Die Verwaltung an schriftliche Beantwortung angek\u00fcndigt.<\/p>\n","protected":false},"excerpt":{"rendered":"<p>Bei den Planungen f\u00fcr die Freibadsaison 2017 gilt es, heute schon an Morgen zu denken. Zwar sind wir aktuell noch froh, wenn es \u00fcberhaupt ein paar Sonnenstrahlen gibt, aber der Sommer kommt bestimmt. Wer nicht m\u00f6chte, dass die Freibadsaison an den vielleicht sch\u00f6nsten Tagen ins Wasser f\u00e4llt, der muss heute schon auf eine flexible Planung<a class=\"read-more\" href=\"http:\/\/bojournal.de\/?p=2021\"> [&hellip;]<\/a><\/p>\n","protected":false},"author":271,"featured_media":2023,"comment_status":"open","ping_status":"open","sticky":false,"template":"","format":"standard","meta":{"footnotes":""},"categories":[6,13],"tags":[389,239,341,391,390,238],"class_list":["post-2021","post","type-post","status-publish","format-standard","has-post-thumbnail","hentry","category-kultur","category-rat","tag-freibaeder","tag-freizeit","tag-oeffnungszeiten","tag-schwimmbaeder","tag-schwimmen","tag-sport"],"publishpress_future_action":{"enabled":false,"date":"2026-05-07 17:43:45","action":"change-status","newStatus":"draft","terms":[],"taxonomy":"category","extraData":[]},"publishpress_future_workflow_manual_trigger":{"enabledWorkflows":[]},"_links":{"self":[{"href":"http:\/\/bojournal.de\/index.php?rest_route=\/wp\/v2\/posts\/2021","targetHints":{"allow":["GET"]}}],"collection":[{"href":"http:\/\/bojournal.de\/index.php?rest_route=\/wp\/v2\/posts"}],"about":[{"href":"http:\/\/bojournal.de\/index.php?rest_route=\/wp\/v2\/types\/post"}],"author":[{"embeddable":true,"href":"http:\/\/bojournal.de\/index.php?rest_route=\/wp\/v2\/users\/271"}],"replies":[{"embeddable":true,"href":"http:\/\/bojournal.de\/index.php?rest_route=%2Fwp%2Fv2%2Fcomments&post=2021"}],"version-history":[{"count":1,"href":"http:\/\/bojournal.de\/index.php?rest_route=\/wp\/v2\/posts\/2021\/revisions"}],"predecessor-version":[{"id":2024,"href":"http:\/\/bojournal.de\/index.php?rest_route=\/wp\/v2\/posts\/2021\/revisions\/2024"}],"wp:featuredmedia":[{"embeddable":true,"href":"http:\/\/bojournal.de\/index.php?rest_route=\/wp\/v2\/media\/2023"}],"wp:attachment":[{"href":"http:\/\/bojournal.de\/index.php?rest_route=%2Fwp%2Fv2%2Fmedia&parent=2021"}],"wp:term":[{"taxonomy":"category","embeddable":true,"href":"http:\/\/bojournal.de\/index.php?rest_route=%2Fwp%2Fv2%2Fcategories&post=2021"},{"taxonomy":"post_tag","embeddable":true,"href":"http:\/\/bojournal.de\/index.php?rest_route=%2Fwp%2Fv2%2Ftags&post=2021"}],"curies":[{"name":"wp","href":"https:\/\/api.w.org\/{rel}","templated":true}]}}