{"id":2547,"date":"2018-09-06T12:01:07","date_gmt":"2018-09-06T10:01:07","guid":{"rendered":"http:\/\/bojournal.buergerbegehren-musikzentrum.de\/?p=2547"},"modified":"2018-09-06T12:01:07","modified_gmt":"2018-09-06T10:01:07","slug":"aktiv-fuer-demokratie-toleranz-und-zivilcourage-im-bochumer-osten","status":"publish","type":"post","link":"http:\/\/bojournal.de\/?p=2547","title":{"rendered":"Aktiv f\u00fcr Demokratie, Toleranz und Zivilcourage im Bochumer Osten!"},"content":{"rendered":"<p>SPD und Gr\u00fcne haben f\u00fcr die Sitzung der Bezirksvertretung Bochum-Ost am 13.09.2018 beantragt, dass zuk\u00fcnftig Schulen, Vereine und Organisationen des Bochumer Ostens, die sich in besonderer Weise f\u00fcr Aufkl\u00e4rung, den Kampf gegen Rechts und f\u00fcr die Demokratie einsetzen, in besonderer Weise auszuzeichnen. Hetze und Gewalt haben in unserer Demokratie keinen Platz. Wo Hetze und Gewalt auftreten, m\u00fcssen sich alle Demokraten deutlich dagegen stellen. Demokratisches Engagement und Eintreten f\u00fcr unsere Grundwerte m\u00fcssen jedoch auch vermittelt werden. Vorbilder k\u00f6nnen dabei eine wichtige Rolle spielen. Mit einer Auszeichnung kann vorbildliches Engagement sichtbar gemacht und anerkannt werden.<\/p>\n<p>Wir leben in polarisierten Zeiten. Oftmals wird sich negativ abgrenzt, weil das auch vielen einfacher erscheint. Wer Vorbilder anerkennen und auszeichnen will, sollte lieber in den Vordergrund stellen, wof\u00fcr man sich positiv einsetzt. Rot-Gr\u00fcn hat ihren Antrag mit \u201aAktiv gegen Rechts\u2018 betitelt, erw\u00e4hnt im Antragstext jedoch auch Einsatz f\u00fcr Aufkl\u00e4rung und Demokratie. Letzteres sollte bei einem m\u00f6glichen Titel der Auszeichnung noch weiter betont werden. Ich w\u00fcrde sie \u201eAktiv f\u00fcr Demokratie, Toleranz und Zivilcourage\u201c nennen.<\/p>\n<p>Rot-Gr\u00fcn schl\u00e4gt weiterhin vor, die Auszeichnung Carl-von-Ossietzky-Plakette zu nennen. Auch der Platz vor dem Amtshaus Langendreer ist nach dem Friedensnobelpreistr\u00e4ger benannt, zweifellos k\u00e4me er als namensgebende Pers\u00f6nlichkeit in Frage. Da es aber eine bezirkliche Auszeichnung ist, w\u00e4re es eine Chance, den Preis auch nach einer Pers\u00f6nlichkeit aus dem Bochumer Osten zu benennen. Man sollte sich genau anschauen, ob nicht ein Widerst\u00e4ndler gegen das NS-Regime oder unschuldige Opfer des NS-Regimes daf\u00fcr in Frage kommen. Damit w\u00fcrde man auch Pers\u00f6nlichkeiten aus dem Vergessen zur\u00fcckholen. Diese M\u00f6glichkeit sollten wir nutzen.<\/p>\n<p>Im Antrag von Rot-Gr\u00fcn soll der Bezirks\u00e4ltestenrat das Format erarbeiten, damit es dann Ende Oktober in der Bezirksvertretung beschlossen werden kann. Zus\u00e4tzlicher Sachverstand kann bei der Erarbeitung sicherlich nicht schaden. Akteure wie das Stadtarchiv Bochum oder der Lokalhistoriker Clemens Kreuzer k\u00f6nnten sicherlich wertvolle Hinweise f\u00fcr eine Benennung nach einer Pers\u00f6nlichkeit aus dem Bochumer Osten geben. In einem offenen Workshop, \u00e4hnlich wie es ihn zur Zukunft des Wattenscheider Ehrenmals gegeben hat, k\u00f6nnten weitere Akteure noch zus\u00e4tzliche Ideen einbringen. Da die Auszeichnung ja einen nachhaltigen Effekt haben soll, w\u00fcrde es ihre Basis st\u00e4rken, wenn das Konzept von m\u00f6glichsten vielen Akteuren gemeinsam erarbeitet wird.<\/p>\n","protected":false},"excerpt":{"rendered":"<p>SPD und Gr\u00fcne haben f\u00fcr die Sitzung der Bezirksvertretung Bochum-Ost am 13.09.2018 beantragt, dass zuk\u00fcnftig Schulen, Vereine und Organisationen des Bochumer Ostens, die sich in besonderer Weise f\u00fcr Aufkl\u00e4rung, den Kampf gegen Rechts und f\u00fcr die Demokratie einsetzen, in besonderer Weise auszuzeichnen. Hetze und Gewalt haben in unserer Demokratie keinen Platz. Wo Hetze und Gewalt<a class=\"read-more\" href=\"http:\/\/bojournal.de\/?p=2547\"> [&hellip;]<\/a><\/p>\n","protected":false},"author":267,"featured_media":2548,"comment_status":"open","ping_status":"open","sticky":false,"template":"","format":"standard","meta":{"footnotes":""},"categories":[17],"tags":[77,312,527,528],"class_list":["post-2547","post","type-post","status-publish","format-standard","has-post-thumbnail","hentry","category-ost","tag-buergerbeteiligung","tag-demokratie","tag-gegen-nazis","tag-offene-gesellschaft"],"publishpress_future_action":{"enabled":false,"date":"2026-05-05 17:35:19","action":"change-status","newStatus":"draft","terms":[],"taxonomy":"category","extraData":[]},"publishpress_future_workflow_manual_trigger":{"enabledWorkflows":[]},"_links":{"self":[{"href":"http:\/\/bojournal.de\/index.php?rest_route=\/wp\/v2\/posts\/2547","targetHints":{"allow":["GET"]}}],"collection":[{"href":"http:\/\/bojournal.de\/index.php?rest_route=\/wp\/v2\/posts"}],"about":[{"href":"http:\/\/bojournal.de\/index.php?rest_route=\/wp\/v2\/types\/post"}],"author":[{"embeddable":true,"href":"http:\/\/bojournal.de\/index.php?rest_route=\/wp\/v2\/users\/267"}],"replies":[{"embeddable":true,"href":"http:\/\/bojournal.de\/index.php?rest_route=%2Fwp%2Fv2%2Fcomments&post=2547"}],"version-history":[{"count":1,"href":"http:\/\/bojournal.de\/index.php?rest_route=\/wp\/v2\/posts\/2547\/revisions"}],"predecessor-version":[{"id":2549,"href":"http:\/\/bojournal.de\/index.php?rest_route=\/wp\/v2\/posts\/2547\/revisions\/2549"}],"wp:featuredmedia":[{"embeddable":true,"href":"http:\/\/bojournal.de\/index.php?rest_route=\/wp\/v2\/media\/2548"}],"wp:attachment":[{"href":"http:\/\/bojournal.de\/index.php?rest_route=%2Fwp%2Fv2%2Fmedia&parent=2547"}],"wp:term":[{"taxonomy":"category","embeddable":true,"href":"http:\/\/bojournal.de\/index.php?rest_route=%2Fwp%2Fv2%2Fcategories&post=2547"},{"taxonomy":"post_tag","embeddable":true,"href":"http:\/\/bojournal.de\/index.php?rest_route=%2Fwp%2Fv2%2Ftags&post=2547"}],"curies":[{"name":"wp","href":"https:\/\/api.w.org\/{rel}","templated":true}]}}