{"id":3342,"date":"2021-06-02T16:49:48","date_gmt":"2021-06-02T14:49:48","guid":{"rendered":"https:\/\/bojournal.de\/?p=3342"},"modified":"2021-06-02T16:49:49","modified_gmt":"2021-06-02T14:49:49","slug":"entschuldigung","status":"publish","type":"post","link":"http:\/\/bojournal.de\/?p=3342","title":{"rendered":"Entschuldigung!"},"content":{"rendered":"\n<p>Meine lieben Untertanen: Hier und jetzt ist eine Stelle gekommen, sich zu entschuldigen. Allerdings muss ich erst noch sagen, wieso und weshalb eigentlich.<\/p>\n\n\n\n<p>Es begab sich n\u00e4mlich folgenderma\u00dfen, dass am Donnerstag, dem 27.5.2021, eine Sitzung des Bochumer Stadtrates stattfand. Daselbst hatten wir als Fraktion \u201eDie PARTEI und Stadtgestalter\u201c einen Antrag gestellt, einen gewissen Herrn Dieckmann seines Posten als Schuldezernent zu entheben. Als solcher hat er n\u00e4mlich mehrfach durch Missgeschicke gegl\u00e4nzt. Die IT-Ausstattung der Schulen hat nicht so geklappt, wie wir uns das vorgestellt hatten. Verschieden gearteter innnovativer Krimskrams hatte keine Chance, durchzudringen. Die weitere Kommunikation mit Eltern war wohl auch nicht so doll, und zu guter Letzt hatte er die Anweisung gegeben, Formulare wegen Coronahilfen falsch auszuf\u00fcllen. Das hatten die Leute brav getan, und dann sp\u00e4ter in die R\u00f6hre gesehen.<\/p>\n\n\n\n<p>Es muss nun gesagt werden, dass Herr Dieckmann eine ganze Reihe von Posten hat. Es konnte sich deshalb der Verdacht einschleichen, dass es etwas zu viele h\u00e4tten sein k\u00f6nnen.<\/p>\n\n\n\n<figure class=\"wp-block-image size-large\"><a href=\"https:\/\/bojournal.de\/files\/2021\/01\/zauberer-fb-1.png\"><img loading=\"lazy\" decoding=\"async\" width=\"1024\" height=\"401\" src=\"https:\/\/bojournal.de\/files\/2021\/01\/zauberer-fb-1-1024x401.png\" alt=\"\" class=\"wp-image-3133\" srcset=\"http:\/\/bojournal.de\/files\/2021\/01\/zauberer-fb-1-1024x401.png 1024w, http:\/\/bojournal.de\/files\/2021\/01\/zauberer-fb-1-300x118.png 300w, http:\/\/bojournal.de\/files\/2021\/01\/zauberer-fb-1-768x301.png 768w, http:\/\/bojournal.de\/files\/2021\/01\/zauberer-fb-1.png 1049w\" sizes=\"auto, (max-width: 1024px) 100vw, 1024px\" \/><\/a><\/figure>\n\n\n\n<p>Allein sah die rot-gr\u00fcne Koalition im Rathaus das inhaltlich komplett anders. Aus beiden Parteien heraus wurde der Antrag deshalb nicht nur entr\u00fcstet zur\u00fcckgewiesen, sondern es wurde auch von uns verlangt, uns f\u00fcr dieses \u00fcberaus unh\u00f6fliche Ansinnen bei dem armen Mann zu entschuldigen. Das haben wir dort vor Ort leider aber kurzfristig vergessen. Deshalb hole ich es nun hier nach.<\/p>\n\n\n\n<p>Also: Herzliche Entschuldigung wegen den oben genannten Missgeschicken!<\/p>\n\n\n\n<p>Ich sollte \u00fcbrigens noch anmerken, dass Herr Dieckmann bei der Sitzung h\u00f6chstpers\u00f6nlich anwesend war. Die meiste Zeit sa\u00df er geknickt in der Ecke. Das hatte allerdings gro\u00dfenteils mehr damit zu tun, dass Nils Brandt ihn wegen einer ausstehenden Antwort zum Hintergrund des Menstruationsantrages angemeckert hatte. Dabei wieder ging es um die Anbringung von Tamponautomaten auf m\u00f6glicherweise verdreckten Schulklos.<\/p>\n\n\n\n<p>Wir hatten dazu n\u00e4mlich schon im Dezember nachgefragt, und dann hat uns die CDU den Antrag gemeinerweise vor der Nase weggeschnappt. (Durchgekommen ist er aber trotzdem). Deshalb hatte sich dann Herr Dieckmann bei Nils entschuldigt, weil er die Bearbeitung vor lauter anderen Sachen nicht rechtzeitig hinbekommen h\u00e4tte.<\/p>\n\n\n\n<p>Jedenfalls f\u00fchrte dann eine Frau von der CDU aus, dass die \u201evon Menstruation Betroffenen\u201c sich nicht mehr tabuhalber sch\u00e4men sollten, sich mitsamt ihren Anliegen zu benennen. (kannsedirnichausdenken)<\/p>\n\n\n\n<p>Als kurzer Einschub sei&nbsp; \u00fcbrigens noch erw\u00e4hnt, dass wir uns ebenfalls bei der UWG entschuldigen m\u00fcssen, auch, wenn die gar nicht gefragt hatte. Die hatten n\u00e4mlich in einem Anflug von Weisheit tats\u00e4chlich die bahnbrechende Idee, unserer geplanten Stellplatzsatzung einen Passus \u00fcber das Parken (Anleinen) von Alpakas hinzuzuf\u00fcgen. Dieser brilliante Ansatz ist leider untergegangen, weil wir den Antrag wegen ganz anderen Gr\u00fcnden zur\u00fcckgezogen haben. Leider wei\u00df ich nicht mehr, warum eigentlich. Dabei hatten wir von der PARTEI in Bochum sogar Alpakas auf Wahlplakaten. Also tut uns diese Angelegenheit nat\u00fcrlich entsetzlich Leid.<\/p>\n\n\n\n<p>In der Zukunft werden wir Alpkakas wieder mehr im Auge behalten!<\/p>\n\n\n\n<p>Bevor ich nun aber \u00fcber die oben indirekt angesprochene Scham von Betroffenen jugendlicher Erektionen im Klassenraum rede, mache ich mal weiter mit dem Entschuldigen.<\/p>\n\n\n\n<p>Wo wir gerade beim Thema sind: Ich entschuldige mich hiermit im voraus f\u00fcr meinen Harem, weil der sexistisch ist. Mein Harem ist aber aus religi\u00f6sen Gr\u00fcnden leider alternativlos. Als Metaler muss ich mich an den Album-Covern von Manowar orientieren. Sobald ich ihn gegr\u00fcndet habe, werde ich ausgleichshalber allen Frauen darin einzeln Rechte zugestehen, die sie an ausgew\u00e4hlten anderen Orten der Welt nicht haben. (In dem Zusammenhang nehme ich \u00fcbrigens noch Bewerbungen entgegen, gerne mit aussagekr\u00e4ftigen Fotos!)<\/p>\n\n\n\n<p>Au\u00dferdem entschuldige ich mich prophylaktisch f\u00fcr Kollateralsch\u00e4den, die von mir rekrutierte Orkarmeen verursachen k\u00f6nnten. Gutes Personal ist einfach schwer zu bekommen.<\/p>\n\n\n\n<p>Ich entschuldige mich weiterhin f\u00fcr n\u00e4chtliche L\u00e4rmbel\u00e4stigung durch Skelette in Ritterr\u00fcstungen. (s.o.)<\/p>\n\n\n\n<p>Ich entschuldige mich jedoch nicht daf\u00fcr, bei Gelegenheit die K\u00f6pfe meiner Feinde auf Spie\u00dfe zu stecken, um sie auf den Zinnen meiner finsteren Burg zu drapieren. So etwas habe ich gar nicht vor. Verwesende K\u00f6pfe stinken gr\u00e4uslich. Aus olfaktorischen Gr\u00fcnden stellt man sie in den Heimatorten der genannten Gegner auf.<\/p>\n\n\n\n<p>Zuletzt entschuldige ich mich allerdings noch, soweit sich jemand im Dunkeln den Zeh \u00fcbel am T\u00fcrrahmen anst\u00f6\u00dft. Leider ist meine Herrschaft \u00fcber die Dunkelheit noch nicht hinreichend ausgepr\u00e4gt, um das zu verhindern.<\/p>\n\n\n\n<p>Also: Sorry nochmal und nichts f\u00fcr ungut!<\/p>\n\n\n\n<p>Bleibt b\u00f6se!<\/p>\n\n\n\n<p>Euer Tobias, der sehr finstere<\/p>\n","protected":false},"excerpt":{"rendered":"<p>Meine lieben Untertanen: Hier und jetzt ist eine Stelle gekommen, sich zu entschuldigen. Allerdings muss ich erst noch sagen, wieso und weshalb eigentlich. Es begab sich n\u00e4mlich folgenderma\u00dfen, dass am Donnerstag, dem 27.5.2021, eine Sitzung des Bochumer Stadtrates stattfand. Daselbst hatten wir als Fraktion \u201eDie PARTEI und Stadtgestalter\u201c einen Antrag gestellt, einen gewissen Herrn Dieckmann<a class=\"read-more\" href=\"http:\/\/bojournal.de\/?p=3342\"> [&hellip;]<\/a><\/p>\n","protected":false},"author":13048,"featured_media":0,"comment_status":"open","ping_status":"open","sticky":false,"template":"","format":"standard","meta":{"footnotes":""},"categories":[13],"tags":[],"class_list":["post-3342","post","type-post","status-publish","format-standard","hentry","category-rat"],"publishpress_future_action":{"enabled":false,"date":"2026-05-03 19:34:51","action":"change-status","newStatus":"draft","terms":[],"taxonomy":"category","extraData":[]},"publishpress_future_workflow_manual_trigger":{"enabledWorkflows":[]},"_links":{"self":[{"href":"http:\/\/bojournal.de\/index.php?rest_route=\/wp\/v2\/posts\/3342","targetHints":{"allow":["GET"]}}],"collection":[{"href":"http:\/\/bojournal.de\/index.php?rest_route=\/wp\/v2\/posts"}],"about":[{"href":"http:\/\/bojournal.de\/index.php?rest_route=\/wp\/v2\/types\/post"}],"author":[{"embeddable":true,"href":"http:\/\/bojournal.de\/index.php?rest_route=\/wp\/v2\/users\/13048"}],"replies":[{"embeddable":true,"href":"http:\/\/bojournal.de\/index.php?rest_route=%2Fwp%2Fv2%2Fcomments&post=3342"}],"version-history":[{"count":1,"href":"http:\/\/bojournal.de\/index.php?rest_route=\/wp\/v2\/posts\/3342\/revisions"}],"predecessor-version":[{"id":3343,"href":"http:\/\/bojournal.de\/index.php?rest_route=\/wp\/v2\/posts\/3342\/revisions\/3343"}],"wp:attachment":[{"href":"http:\/\/bojournal.de\/index.php?rest_route=%2Fwp%2Fv2%2Fmedia&parent=3342"}],"wp:term":[{"taxonomy":"category","embeddable":true,"href":"http:\/\/bojournal.de\/index.php?rest_route=%2Fwp%2Fv2%2Fcategories&post=3342"},{"taxonomy":"post_tag","embeddable":true,"href":"http:\/\/bojournal.de\/index.php?rest_route=%2Fwp%2Fv2%2Ftags&post=3342"}],"curies":[{"name":"wp","href":"https:\/\/api.w.org\/{rel}","templated":true}]}}