{"id":1035,"date":"2015-08-27T11:57:13","date_gmt":"2015-08-27T09:57:13","guid":{"rendered":"http:\/\/bo-wat-geht.buergerbegehren-musikzentrum.de\/?p=1035"},"modified":"2015-11-09T12:39:14","modified_gmt":"2015-11-09T11:39:14","slug":"20152085-kommunale-verfassungsbeschwerde-inklusionskosten","status":"publish","type":"post","link":"https:\/\/bojournal.de\/?p=1035","title":{"rendered":"20152085 &#8211; Kommunale Verfassungsbeschwerde Inklusionskosten"},"content":{"rendered":"<p>Status:\u00a0Antwort steht noch aus<\/p>\n<p>Anfrage zur 11. Sitzung des Rates der Stadt Bochum am 27.08.2015 hier: <strong>Kommunale Verfassungsbeschwerde Inklusionskosten <\/strong><\/p>\n<p>52 St\u00e4dte und Gemeinden haben beim Verfassungsgerichtshof f\u00fcr das Land NordrheinWestfalen eine Kommunale Verfassungsbeschwerde gegen das Gesetz zur Umsetzung der VN-Behindertenrechtskonvention in den Schulen (9. Schulrechts\u00e4nderungsgesetz) vom 5. November 2013 erhoben. In einer Pressemitteilung des Verfassungsgerichtshofs vom 3. August 2015 hei\u00dft es: \u201eDie Beschwerdef\u00fchrerinnen machen geltend, das 9. Schulrechts\u00e4nderungsgesetz verletze die Vorschriften der Landesverfassung \u00fcber das Recht der gemeindlichen Selbstverwaltung, insbesondere in seiner Auspr\u00e4gung durch die Konnexit\u00e4tsbestimmungen in Art. 78 Abs. 3 LV NRW.\u201c Zu den beschwerdef\u00fchrenden St\u00e4dten und Gemeinden geh\u00f6rt u. a. auch Bochums Nachbarstadt Hattingen.<\/p>\n<p>Die Fraktion &#8222;FDP &amp; DIE STADTGESTALTER&#8220; im Rat der Stadt Bochum fragt daher an:<\/p>\n<p>1. Wie beurteilt die Verwaltung die Gesamtkosten zur Umsetzung der schulischen Inklusion? Werden die vom Land NRW zugewiesenen Mittel aktuell und zuk\u00fcnftig als ausreichend angesehen?<\/p>\n<p>2. Warum folgt die Stadt Bochum der Empfehlung des St\u00e4dtetages, auf eine Klage zu verzichten? Warum hat sich die Stadt Bochum der Kommunalen Verfassungsbeschwerde der 52 St\u00e4dten und Gemeinden nicht angeschlossen? Warum klagt die Stadt Bochum nicht eigenst\u00e4ndig?<\/p>\n<p><a class=\"smc_doc smc_datatype_vo\" title=\"Vorlage anzeigen: Kommunale Verfassungsbeschwerde Inklusionskosten \" href=\"https:\/\/session.bochum.de\/bi\/vo0050.php?__kvonr=7060534&amp;voselect=6714\">20152085<\/a> Anfrage als pdf-Datei<\/p>\n","protected":false},"excerpt":{"rendered":"<p>Status:\u00a0Antwort steht noch aus Anfrage zur 11. Sitzung des Rates der Stadt Bochum am 27.08.2015 hier: Kommunale Verfassungsbeschwerde Inklusionskosten 52 St\u00e4dte und Gemeinden haben beim Verfassungsgerichtshof f\u00fcr das Land NordrheinWestfalen eine Kommunale Verfassungsbeschwerde gegen das Gesetz zur Umsetzung der VN-Behindertenrechtskonvention in den Schulen (9. Schulrechts\u00e4nderungsgesetz) vom 5. November 2013 erhoben. In einer Pressemitteilung des Verfassungsgerichtshofs<a class=\"read-more\" href=\"https:\/\/bojournal.de\/?p=1035\"> [&hellip;]<\/a><\/p>\n","protected":false},"author":268,"featured_media":0,"comment_status":"open","ping_status":"open","sticky":false,"template":"","format":"standard","meta":{"footnotes":""},"categories":[55],"tags":[154,156,158,155,157],"class_list":["post-1035","post","type-post","status-publish","format-standard","hentry","category-anfrage","tag-inklusion","tag-konnexitaet","tag-kosten","tag-schule","tag-verfassungsbeschwerde"],"publishpress_future_action":{"enabled":false,"date":"2026-05-07 14:48:29","action":"change-status","newStatus":"draft","terms":[],"taxonomy":"category","extraData":[]},"publishpress_future_workflow_manual_trigger":{"enabledWorkflows":[]},"_links":{"self":[{"href":"https:\/\/bojournal.de\/index.php?rest_route=\/wp\/v2\/posts\/1035","targetHints":{"allow":["GET"]}}],"collection":[{"href":"https:\/\/bojournal.de\/index.php?rest_route=\/wp\/v2\/posts"}],"about":[{"href":"https:\/\/bojournal.de\/index.php?rest_route=\/wp\/v2\/types\/post"}],"author":[{"embeddable":true,"href":"https:\/\/bojournal.de\/index.php?rest_route=\/wp\/v2\/users\/268"}],"replies":[{"embeddable":true,"href":"https:\/\/bojournal.de\/index.php?rest_route=%2Fwp%2Fv2%2Fcomments&post=1035"}],"version-history":[{"count":1,"href":"https:\/\/bojournal.de\/index.php?rest_route=\/wp\/v2\/posts\/1035\/revisions"}],"predecessor-version":[{"id":1036,"href":"https:\/\/bojournal.de\/index.php?rest_route=\/wp\/v2\/posts\/1035\/revisions\/1036"}],"wp:attachment":[{"href":"https:\/\/bojournal.de\/index.php?rest_route=%2Fwp%2Fv2%2Fmedia&parent=1035"}],"wp:term":[{"taxonomy":"category","embeddable":true,"href":"https:\/\/bojournal.de\/index.php?rest_route=%2Fwp%2Fv2%2Fcategories&post=1035"},{"taxonomy":"post_tag","embeddable":true,"href":"https:\/\/bojournal.de\/index.php?rest_route=%2Fwp%2Fv2%2Ftags&post=1035"}],"curies":[{"name":"wp","href":"https:\/\/api.w.org\/{rel}","templated":true}]}}