{"id":1037,"date":"2015-08-27T12:06:38","date_gmt":"2015-08-27T10:06:38","guid":{"rendered":"http:\/\/bo-wat-geht.buergerbegehren-musikzentrum.de\/?p=1037"},"modified":"2015-11-09T12:40:20","modified_gmt":"2015-11-09T11:40:20","slug":"20152127-verletzung-des-konnexitaetsprinzips","status":"publish","type":"post","link":"https:\/\/bojournal.de\/?p=1037","title":{"rendered":"20152127 &#8211; Verletzung des Konnexit\u00e4tsprinzips"},"content":{"rendered":"<p>Antrag zur zur 11. Sitzung des Rates am 27.08.2015 hier: <strong>Verletzung des Konnexit\u00e4tsprinzips <\/strong><\/p>\n<p>Der Rat m\u00f6ge beschlie\u00dfen: Die Verwaltung wird beauftragt<\/p>\n<ul>\n<li>alle Kosten f\u00fcr Aufgaben, die von Land oder Bund auf die Kommunen \u00fcbertragen wurden und bei denen die Mittelzuweisung f\u00fcr die Erf\u00fcllung nicht ausreichend ist, zu identifizieren und dem Rat zur Kenntnis zu geben.<\/li>\n<li>sich der Kommunalen Verfassungsbeschwerde zu den Mehrkosten der schulischen Inklusion anzuschlie\u00dfen.<\/li>\n<li>weitere Klagem\u00f6glichkeiten wegen solcher Verletzungen des Konnexit\u00e4tsprinzips zu pr\u00fcfen.<\/li>\n<\/ul>\n<p>Begr\u00fcndung:<\/p>\n<p>Nach Presseberichten sch\u00e4tzt die Bochumer Sozialdezernentin Britta Anger die Gesamtkosten f\u00fcr Fl\u00fcchtlingsunterbringung in diesem Jahr auf rund 20 Mio. Euro. Land und Bund w\u00fcrden Bochum f\u00fcr diese gesamtstaatliche Aufgabe aber nur sechs bis sieben Mio. Euro zur Verf\u00fcgung stellen. Kosten von weit \u00fcber 10 Mio. Euro m\u00fcsste die Stadt Bochum also selber stemmen. Damit l\u00e4ge also eine erhebliche Verletzung des Konnexit\u00e4tsprinzips vor.<\/p>\n<p>Auch bei der Umsetzung der schulischen Inklusion sind f\u00fcr Bochum Mehrkosten zu erwarten, die wom\u00f6glich nicht vom Land vollst\u00e4ndig ausgeglichen werden. 52 St\u00e4dte und Gemeinden haben Anfang August 2015 beim Verfassungsgerichtshof f\u00fcr das Land Nordrhein-Westfalen eine Kommunale Verfassungsbeschwerde wegen dieser Kosten erhoben. Sie bef\u00fcrchten insbesondere, dass das Land trotz einer Absprache mit den Kommunen nicht alle Kosten f\u00fcr das Fachpersonal f\u00fcr Kinder mit Behinderungen an allgemeinen Schulen \u00fcbernimmt. Bochum geh\u00f6rt allerdings nicht zu den beschwerdef\u00fchrenden St\u00e4dten.<\/p>\n<p>Bereits an diesen beiden Beispielen wird deutlich, dass sich derzeit die F\u00e4lle h\u00e4ufen, bei denen das Konnexit\u00e4tsprinzip verletzt wird. Mehrkosten, die nicht \u00fcbernommen werden, treffen eine Kommune wie Bochum, die noch mit eigenen Haushaltsproblemen zu k\u00e4mpfen hat, besonders hart. Verletzungen des Konnexit\u00e4tsprinzips sind daher nicht einfach hinzunehmen, vielmehr muss gepr\u00fcft werden, ob man sich dagegen nicht auch gerichtlich zur Wehr setzt.<\/p>\n<p>Die weitere Begr\u00fcndung erfolgt m\u00fcndlich.<\/p>\n<p><a class=\"smc_doc smc_datatype_vo\" title=\"Vorlage anzeigen: Verletzung des Konnexit\u00e4tsprinzips \" href=\"https:\/\/session.bochum.de\/bi\/vo0050.php?__kvonr=7060578&amp;voselect=6714\">20152127<\/a>\u00a0Antrag als pdf-Datei<\/p>\n","protected":false},"excerpt":{"rendered":"<p>Antrag zur zur 11. Sitzung des Rates am 27.08.2015 hier: Verletzung des Konnexit\u00e4tsprinzips Der Rat m\u00f6ge beschlie\u00dfen: Die Verwaltung wird beauftragt alle Kosten f\u00fcr Aufgaben, die von Land oder Bund auf die Kommunen \u00fcbertragen wurden und bei denen die Mittelzuweisung f\u00fcr die Erf\u00fcllung nicht ausreichend ist, zu identifizieren und dem Rat zur Kenntnis zu geben.<a class=\"read-more\" href=\"https:\/\/bojournal.de\/?p=1037\"> [&hellip;]<\/a><\/p>\n","protected":false},"author":268,"featured_media":0,"comment_status":"open","ping_status":"open","sticky":false,"template":"","format":"standard","meta":{"footnotes":""},"categories":[54],"tags":[65,102,154,159,156,158,147,157],"class_list":["post-1037","post","type-post","status-publish","format-standard","hentry","category-antrag","tag-fluechtlinge","tag-haushalt","tag-inklusion","tag-kita","tag-konnexitaet","tag-kosten","tag-unterbringung","tag-verfassungsbeschwerde"],"publishpress_future_action":{"enabled":false,"date":"2026-05-07 00:29:11","action":"change-status","newStatus":"draft","terms":[],"taxonomy":"category","extraData":[]},"publishpress_future_workflow_manual_trigger":{"enabledWorkflows":[]},"_links":{"self":[{"href":"https:\/\/bojournal.de\/index.php?rest_route=\/wp\/v2\/posts\/1037","targetHints":{"allow":["GET"]}}],"collection":[{"href":"https:\/\/bojournal.de\/index.php?rest_route=\/wp\/v2\/posts"}],"about":[{"href":"https:\/\/bojournal.de\/index.php?rest_route=\/wp\/v2\/types\/post"}],"author":[{"embeddable":true,"href":"https:\/\/bojournal.de\/index.php?rest_route=\/wp\/v2\/users\/268"}],"replies":[{"embeddable":true,"href":"https:\/\/bojournal.de\/index.php?rest_route=%2Fwp%2Fv2%2Fcomments&post=1037"}],"version-history":[{"count":1,"href":"https:\/\/bojournal.de\/index.php?rest_route=\/wp\/v2\/posts\/1037\/revisions"}],"predecessor-version":[{"id":1038,"href":"https:\/\/bojournal.de\/index.php?rest_route=\/wp\/v2\/posts\/1037\/revisions\/1038"}],"wp:attachment":[{"href":"https:\/\/bojournal.de\/index.php?rest_route=%2Fwp%2Fv2%2Fmedia&parent=1037"}],"wp:term":[{"taxonomy":"category","embeddable":true,"href":"https:\/\/bojournal.de\/index.php?rest_route=%2Fwp%2Fv2%2Fcategories&post=1037"},{"taxonomy":"post_tag","embeddable":true,"href":"https:\/\/bojournal.de\/index.php?rest_route=%2Fwp%2Fv2%2Ftags&post=1037"}],"curies":[{"name":"wp","href":"https:\/\/api.w.org\/{rel}","templated":true}]}}