{"id":1648,"date":"2016-04-26T14:44:03","date_gmt":"2016-04-26T12:44:03","guid":{"rendered":"http:\/\/bojournal.buergerbegehren-musikzentrum.de\/?p=1648"},"modified":"2016-04-26T14:44:03","modified_gmt":"2016-04-26T12:44:03","slug":"ablehnung-einer-kommunalen-sperrklausel","status":"publish","type":"post","link":"https:\/\/bojournal.de\/?p=1648","title":{"rendered":"Ablehnung einer kommunalen Sperrklausel"},"content":{"rendered":"<p>Die immer konkreter werdenden Pl\u00e4ne von SPD, CDU und Gr\u00fcnen im Landtag NRW zur Wiedereinf\u00fchrung einer kommunalen Sperrklausel drohen die Repr\u00e4sentation vieler B\u00fcrgerinnen und B\u00fcrger in den entscheidenden Gremien ihrer Heimatstadt auszuschlie\u00dfen.<\/p>\n<p>In Nordrhein-Westfalen gibt es nach einer Entscheidung des Landesverfassungsgerichts 1999 keine kommunalen Sperrklauseln mehr. Initiativen zur Wiedereinf\u00fchrung einer kommunalen Sperrklausel, die seitdem ergriffen wurden, waren bislang gescheitert. Nach geltender Rechtsprechung ist eine Sperrklausel nur zu rechtfertigen, wenn eine Beeintr\u00e4chtigung der Funktionsf\u00e4higkeit der kommunalen Vertretungen festgestellt werden kann. Nur zur Sicherung der Funktionsf\u00e4higkeit darf die Wahlrechtsgleichheit eingeschr\u00e4nkt werden.<\/p>\n<p>Auch nach den neusten Erfahrungen seit der Kommunalwahl 2014 ist eine Einschr\u00e4nkung der Funktionsf\u00e4higkeit von Stadtr\u00e4ten oder Kreistagen nicht belegbar. Vielmehr zeigt gerade der Rat der Stadt Bochum, in den 13 Parteien und Gruppierungen gew\u00e4hlt worden sind, dass die Handlungs- und Funktionsf\u00e4higkeit des Rates weiterhin in vollem Umfang gegeben ist. Tagesordnung und Sitzungen ziehen sich nicht in einem unvertretbaren Ma\u00df in die L\u00e4nge. Eine bef\u00fcrchtete Zersplitterung des Rates und die damit verbundenen Schwierigkeiten bei der Bildung von stabilen politischen Mehrheiten sind nicht zu erkennen. Der Rat leistet eine nachhaltige und konstruktive politische Arbeit. Die Notwendigkeit der Einf\u00fchrung einer Sperrklausel besteht somit nicht.<\/p>\n<p>Die derzeit geplante Verankerung einer Sperrklausel von 2,5 % in der Landesverfassung h\u00e4tte einen fatalen Eindruck auf die B\u00fcrgerinnen und B\u00fcrger. Diese k\u00f6nnten den Eindruck haben, dass sich Parteien mit br\u00f6ckelnder Zustimmung missliebige Konkurrenz vom Halse schaffen wollen, um ihren Einfluss in den Kommunalvertretungen zu behalten. H\u00e4tte es bei den Kommunalwahlen 2014 eine 2,5 %-Sperrklausel gegeben, w\u00e4ren die Stimmen von rund 11.000 Bochumerinnen und Bochumer nicht ber\u00fccksichtigt und damit v\u00f6llig wertlos geworden.<\/p>\n<p>Die Einf\u00fchrung der verfassungsrechtlich h\u00f6chstbedenklichen Sperrklausel w\u00fcrde nicht nur viele W\u00e4hler in die Wahlenthaltung oder in die Arme derer treiben, die nur auf reinen Protest setzen, sondern auch eine Vielfalt der Meinungen und unterschiedlichen Ideen zur L\u00f6sung von Problemen im Rat verhindern. Demokratie lebt vom Mitmachen. In den kommunalen Vertretungen sitzen keine Berufspolitiker, sondern engagierte B\u00fcrgerinnen und B\u00fcrger, Nachbarinnen und Nachbarn, die gerne ehrenamtlich Verantwortung f\u00fcr ihre Stadt \u00fcbernehmen wollen. Darum lebt vor allem kommunale Demokratie von Niedrigschwelligkeit.<\/p>\n<p>Die Einschr\u00e4nkung des Demokratieprinzips durch die Einf\u00fchrung einer Sperrklausel ist sachlich nicht zu rechtfertigen. Daher bringen die Fraktion \u201eFDP &amp; DIE STADTGESTALTER\u201c, die UWG-Ratsfraktion, die Freien B\u00fcrger im Rat sowie das parteilose Ratsmitglied Stephanie Kotalla eine Resolution in die n\u00e4chste Ratssitzung am 28. April 2016 ein, um damit ein klares Zeichen zu setzen, dass im Bochumer Rat die Bef\u00fcrchtung der Funktionsunf\u00e4higkeit durch Zersplitterung kein Thema war und ist.<\/p>\n<p>Alles andere als eine breite Zustimmung der anderen Fraktionen zu dieser Resolution w\u00e4re aus Sicht der Antragssteller eine gro\u00dfe Entt\u00e4uschung f\u00fcr eine vielf\u00e4ltige Demokratie.<\/p>\n","protected":false},"excerpt":{"rendered":"<p>Die immer konkreter werdenden Pl\u00e4ne von SPD, CDU und Gr\u00fcnen im Landtag NRW zur Wiedereinf\u00fchrung einer kommunalen Sperrklausel drohen die Repr\u00e4sentation vieler B\u00fcrgerinnen und B\u00fcrger in den entscheidenden Gremien ihrer Heimatstadt auszuschlie\u00dfen. In Nordrhein-Westfalen gibt es nach einer Entscheidung des Landesverfassungsgerichts 1999 keine kommunalen Sperrklauseln mehr. Initiativen zur Wiedereinf\u00fchrung einer kommunalen Sperrklausel, die seitdem ergriffen<a class=\"read-more\" href=\"https:\/\/bojournal.de\/?p=1648\"> [&hellip;]<\/a><\/p>\n","protected":false},"author":271,"featured_media":1650,"comment_status":"open","ping_status":"open","sticky":false,"template":"","format":"standard","meta":{"footnotes":""},"categories":[310,13],"tags":[],"class_list":["post-1648","post","type-post","status-publish","format-standard","has-post-thumbnail","hentry","category-resolution","category-rat"],"publishpress_future_action":{"enabled":false,"date":"2026-05-05 20:33:48","action":"change-status","newStatus":"draft","terms":[],"taxonomy":"category","extraData":[]},"publishpress_future_workflow_manual_trigger":{"enabledWorkflows":[]},"_links":{"self":[{"href":"https:\/\/bojournal.de\/index.php?rest_route=\/wp\/v2\/posts\/1648","targetHints":{"allow":["GET"]}}],"collection":[{"href":"https:\/\/bojournal.de\/index.php?rest_route=\/wp\/v2\/posts"}],"about":[{"href":"https:\/\/bojournal.de\/index.php?rest_route=\/wp\/v2\/types\/post"}],"author":[{"embeddable":true,"href":"https:\/\/bojournal.de\/index.php?rest_route=\/wp\/v2\/users\/271"}],"replies":[{"embeddable":true,"href":"https:\/\/bojournal.de\/index.php?rest_route=%2Fwp%2Fv2%2Fcomments&post=1648"}],"version-history":[{"count":1,"href":"https:\/\/bojournal.de\/index.php?rest_route=\/wp\/v2\/posts\/1648\/revisions"}],"predecessor-version":[{"id":1649,"href":"https:\/\/bojournal.de\/index.php?rest_route=\/wp\/v2\/posts\/1648\/revisions\/1649"}],"wp:featuredmedia":[{"embeddable":true,"href":"https:\/\/bojournal.de\/index.php?rest_route=\/wp\/v2\/media\/1650"}],"wp:attachment":[{"href":"https:\/\/bojournal.de\/index.php?rest_route=%2Fwp%2Fv2%2Fmedia&parent=1648"}],"wp:term":[{"taxonomy":"category","embeddable":true,"href":"https:\/\/bojournal.de\/index.php?rest_route=%2Fwp%2Fv2%2Fcategories&post=1648"},{"taxonomy":"post_tag","embeddable":true,"href":"https:\/\/bojournal.de\/index.php?rest_route=%2Fwp%2Fv2%2Ftags&post=1648"}],"curies":[{"name":"wp","href":"https:\/\/api.w.org\/{rel}","templated":true}]}}