{"id":1996,"date":"2017-02-02T11:55:49","date_gmt":"2017-02-02T10:55:49","guid":{"rendered":"http:\/\/bojournal.buergerbegehren-musikzentrum.de\/?p=1996"},"modified":"2017-02-20T16:19:06","modified_gmt":"2017-02-20T15:19:06","slug":"bochum-braucht-finanzprofi-und-bekommt-stadtkaemmerer-darf-nicht-nach-parteibuch-ausgewaehlt-werden","status":"publish","type":"post","link":"https:\/\/bojournal.de\/?p=1996","title":{"rendered":"Bochum braucht Finanzprofi und bekommt&#8230;? &#8211; Stadtk\u00e4mmerer darf nicht nach Parteibuch ausgew\u00e4hlt werden."},"content":{"rendered":"<p><strong>Der aktuelle Stadtk\u00e4mmerer Manfred Busch hat angek\u00fcndigt, gegen Ende dieses Jahres in den Ruhestand zu treten. Daher sucht die Stadt zum n\u00e4chstm\u00f6glichen Zeitpunkt einen neuen Beigeordneten f\u00fcr Finanzen. Eine entsprechende Ausschreibung wurde in der Ratssitzung am Mittwoch, den 01.02.2017, verabschiedet. Doch, was ist die wichtigste Eigenschaft eines Kandidaten? Sein Know-How oder die Farbe seines Parteibuches?<\/strong><\/p>\n<p>Es ist gut, dass man sich fr\u00fchzeitig Gedanken darum macht, einen neuen Stadtk\u00e4mmerer zu finden. Das haben wir ja bei der Besetzung der letzten Beigeordnetenstellen schon ganz anders erlebt. Der angestrebte Prozess st\u00f6\u00dft aber\u00a0 schon bei seinem jetzigen Aufschlag negativ auf. Wenn man sich die \u00f6ffentlichen Wortmeldungen anschaut, geht es vielen wohl nur darum, dass der Hut des zuk\u00fcnftigen Stadtk\u00e4mmerers auch die richtige Farbe aufweist.<\/p>\n<p>Die Gr\u00fcnen reklamieren unumwunden die Dezernentenstelle f\u00fcr sich, weil dies so in der rot-gr\u00fcnen Koalition ausgehandelt wurde. Wenn man es aber ernst meint, die beste Frau oder den besten Mann f\u00fcr den Posten zu finden, so kann auf das koalition\u00e4re Postengeschacher keine R\u00fccksicht genommen werden. Wir Bochumerinnen und Bochumer suchen nicht vorrangig eine Pers\u00f6nlichkeit mit dem richtigen Parteibuch oder einer politischen N\u00e4he, sondern einen ausgewiesenen Finanzprofi. Allein die Kompetenz muss ausschlaggebend bei der Besetzung der Stelle sein. Das muss \u00fcbrigens auch f\u00fcr den Wunsch der CDU, wieder im Verwaltungsvorstand vertreten zu sein, gelten. Auch ein schwarzes Parteibuch allein qualifiziert ebenso nicht f\u00fcr einen Dezernentenposten.<\/p>\n<p><a href=\"https:\/\/bojournal.de\/files\/2017\/02\/Grafik-K\u00e4mmerer-2.png\"><img loading=\"lazy\" decoding=\"async\" class=\"alignleft wp-image-1997 size-medium\" src=\"https:\/\/bojournal.de\/files\/2017\/02\/Grafik-K\u00e4mmerer-2-300x172.png\" width=\"300\" height=\"172\" srcset=\"https:\/\/bojournal.de\/files\/2017\/02\/Grafik-K\u00e4mmerer-2-300x172.png 300w, https:\/\/bojournal.de\/files\/2017\/02\/Grafik-K\u00e4mmerer-2.png 488w\" sizes=\"auto, (max-width: 300px) 100vw, 300px\" \/><\/a>Wie muss dieses \u00f6ffentliche Geschacher wohl auch f\u00fcr unabh\u00e4ngige Finanzprofis aussehen?Am Ende werden kompetente und potentielle Kandidatinnen und Kandidaten von einer Bewerbung abgeschreckt, wenn sie nicht schon pers\u00f6nliche Verkn\u00fcpfungen zu den Entscheidern in der rot-gr\u00fcnen Koalition haben. Die Stadt Bochum kann es sich in ihrer bereits langanhaltenden prek\u00e4ren Finanzlage nicht leisten, ein wahrscheinlich eh schon knappes Bewerberfeld durch offen zur Schau gestellten Parteibuchkl\u00fcngel noch weiter zu beschneiden.<\/p>\n<p>Da passt es auch ins Bild, dass nun auf externen Sachverstand verzichtet werden soll. Interessanterweise war bei der Besetzung der letzten beiden Dezernentenstellen jeweils ein extern begleiteter Bewerberprozess vorgeschaltet. Komisch, dass beim Bau- sowie beim Rechts- und Personaldezernenten die Personalberaterkosten von etwa 60.000 EUR noch als angemessen galten, nun aber bei der Besetzung der st\u00e4dtischen Schl\u00fcsselstelle in der K\u00e4mmerei eingespart werden sollen. Eine m\u00f6gliche Fehlbesetzung kann uns Bochumerinnen und Bochumern hier deutlich teurer zu stehen kommen.<\/p>\n<p>Die Fraktion &#8222;FDP &amp; DIE STADTGESTALTER&#8220; wollte in der letzten Ratssitzung den Bewerberprozess \u00f6ffnen.\u00a0Um dazu die bestm\u00f6gliche neutrale Einsch\u00e4tzung zu bekommen, h\u00e4lt die Fraktion einen K\u00e4mmerer-T\u00dcV durch einen externen Berater f\u00fcr sehr hilfreich. Ein entsprechender \u00c4nderungsantrag\u00a0 wurde aber durch eine Mehrheit im Rat \u00fcberstimmt. FDP und Stadtgestalter stellten aber nochmal klar, dass am Ende ein Parteibuch kein entscheidendes Kriterium sein darf. Allein die Expertise und fachlichen F\u00e4higkeiten sollen ausschlaggebend sein. Was von den anschlie\u00dfenden Beteuerungen von Seiten der rot-gr\u00fcnen Koalition und der CDU, man w\u00fcrde dies im Grunde ja genau so sehen, zu halten ist, wird die Zukunft zeigen.<\/p>\n","protected":false},"excerpt":{"rendered":"<p>Der aktuelle Stadtk\u00e4mmerer Manfred Busch hat angek\u00fcndigt, gegen Ende dieses Jahres in den Ruhestand zu treten. Daher sucht die Stadt zum n\u00e4chstm\u00f6glichen Zeitpunkt einen neuen Beigeordneten f\u00fcr Finanzen. Eine entsprechende Ausschreibung wurde in der Ratssitzung am Mittwoch, den 01.02.2017, verabschiedet. Doch, was ist die wichtigste Eigenschaft eines Kandidaten? Sein Know-How oder die Farbe seines Parteibuches?<a class=\"read-more\" href=\"https:\/\/bojournal.de\/?p=1996\"> [&hellip;]<\/a><\/p>\n","protected":false},"author":271,"featured_media":1998,"comment_status":"open","ping_status":"open","sticky":false,"template":"","format":"standard","meta":{"footnotes":""},"categories":[53,13],"tags":[288,208,376,291,287],"class_list":["post-1996","post","type-post","status-publish","format-standard","has-post-thumbnail","hentry","category-finanzen","category-rat","tag-filz","tag-finanzen","tag-kaemmerer","tag-kluengel","tag-parteibuch"],"publishpress_future_action":{"enabled":false,"date":"2026-05-07 19:02:08","action":"change-status","newStatus":"draft","terms":[],"taxonomy":"category","extraData":[]},"publishpress_future_workflow_manual_trigger":{"enabledWorkflows":[]},"_links":{"self":[{"href":"https:\/\/bojournal.de\/index.php?rest_route=\/wp\/v2\/posts\/1996","targetHints":{"allow":["GET"]}}],"collection":[{"href":"https:\/\/bojournal.de\/index.php?rest_route=\/wp\/v2\/posts"}],"about":[{"href":"https:\/\/bojournal.de\/index.php?rest_route=\/wp\/v2\/types\/post"}],"author":[{"embeddable":true,"href":"https:\/\/bojournal.de\/index.php?rest_route=\/wp\/v2\/users\/271"}],"replies":[{"embeddable":true,"href":"https:\/\/bojournal.de\/index.php?rest_route=%2Fwp%2Fv2%2Fcomments&post=1996"}],"version-history":[{"count":1,"href":"https:\/\/bojournal.de\/index.php?rest_route=\/wp\/v2\/posts\/1996\/revisions"}],"predecessor-version":[{"id":1999,"href":"https:\/\/bojournal.de\/index.php?rest_route=\/wp\/v2\/posts\/1996\/revisions\/1999"}],"wp:featuredmedia":[{"embeddable":true,"href":"https:\/\/bojournal.de\/index.php?rest_route=\/wp\/v2\/media\/1998"}],"wp:attachment":[{"href":"https:\/\/bojournal.de\/index.php?rest_route=%2Fwp%2Fv2%2Fmedia&parent=1996"}],"wp:term":[{"taxonomy":"category","embeddable":true,"href":"https:\/\/bojournal.de\/index.php?rest_route=%2Fwp%2Fv2%2Fcategories&post=1996"},{"taxonomy":"post_tag","embeddable":true,"href":"https:\/\/bojournal.de\/index.php?rest_route=%2Fwp%2Fv2%2Ftags&post=1996"}],"curies":[{"name":"wp","href":"https:\/\/api.w.org\/{rel}","templated":true}]}}