{"id":2135,"date":"2017-04-27T14:39:58","date_gmt":"2017-04-27T12:39:58","guid":{"rendered":"http:\/\/bojournal.buergerbegehren-musikzentrum.de\/?p=2135"},"modified":"2017-05-09T18:47:47","modified_gmt":"2017-05-09T16:47:47","slug":"ueberblick-im-foerderdickicht-zentrales-foerdermittelmanagement-soll-kommen","status":"publish","type":"post","link":"https:\/\/bojournal.de\/?p=2135","title":{"rendered":"\u00dcberblick im F\u00f6rderdickicht &#8211; Zentrales F\u00f6rdermittelmanagement soll kommen."},"content":{"rendered":"<p><strong>Bei der Stadt Bochum dr\u00e4ngt sich ja manchmal der Eindruck auf, dass die eine Hand nicht wei\u00df, was die Andere macht. Bislang werden die Akquise und Abwicklungen von F\u00f6rderantr\u00e4gen in den Fach\u00e4mtern &#8217;nebenher&#8216; miterledigt. Die Fraktion &#8222;FDP &amp; DIE STADTGESTALTER&#8220; hat angeregt, diese Arbeit zu professionalisieren und in einer zentralen Stelle zu b\u00fcndeln. Damit kann man einen \u00dcberblick im risikoreichen F\u00f6rderdickicht behalten. Die Verwaltung hat nun zugesichert, dass sie noch in diesem Jahr ein solches Konzept auf den Weg bringen will.<\/strong><\/p>\n<p>Den gro\u00dfen Chancen durch das Anzapfen von F\u00f6rdert\u00f6pfen stehen immer auch gr\u00f6\u00dfere Risiken gegen\u00fcber, die zum Beispiel durch komplizierte Regularien und Fristen entstehen. Dadurch k\u00f6nnen F\u00f6rderprogramme &#8218;\u00fcbersehen&#8216; werden oder gar bereits verplante und verausgabte Mittel wegen f\u00f6rdersch\u00e4dlicher Tatbest\u00e4nde entfallen. Im schlimmsten Falle kann Missmanagement im F\u00f6rderbereich einen erheblichen Schaden f\u00fcr die Stadt verursachen.<\/p>\n<p>Andere Kommunen, zum Beispiel die Stadt Wuppertal, haben sich deswegen strukturell auf alle Begebenheiten des F\u00f6rdermanagement eingestellt und eine zentrale Stelle aufgebaut. Auch Bochum sollte den Umgang mit F\u00f6rdermittel professionalisieren und durch ein spezielles Steuerungscenter innerhalb der Verwaltung bearbeiten lassen. Man kann diese Aufgaben einfach nicht weiterhin nebenbei in den Fach\u00e4mtern mitmachen lassen, sondern muss da konzentriert rangehen. Das zentrale F\u00f6rdermanagement soll insbesondere die Bereiche der St\u00e4dtebau-, Denkmal-, Sport- und Kulturf\u00f6rderung betreuen und sich eng mit der Wirtschaftsentwicklung absprechen. Heutzutage ist F\u00f6rdermittelakquise auch ein internationales Gesch\u00e4ft. Einer der gr\u00f6\u00dften Player ist da die Europ\u00e4ische Union. Eine neue Strukturierung bietet hier auch die Chance, einen kurzen Draht nach Br\u00fcssel zu bekommen, um so an zus\u00e4tzliche Angebote zu kommen.<\/p>\n<p>Man kann sich daher freuen, dass die Verwaltung <a href=\"https:\/\/bojournal.de\/files\/2017\/04\/PM_2017-04-27_FDP-SG_\u00dcberblick-im-F\u00f6rderdickicht-Zentrales-F\u00f6rdermittelmanagement-soll-kommen.pdf\">den Impuls der Fraktion &#8222;FDP &amp; DIE STADTGESTALTER&#8220;<\/a> aufnimmt und noch in diesem Jahr ein Konzept erarbeiten m\u00f6chte. Der entsprechende Personalbedarf soll nach Meinung der Freidemokraten und Stadtgestaltern \u00fcber die B\u00fcndelung interner Fachkr\u00e4fte gedeckt werden. Das Know-How in der Verwaltung ist da, es muss nur strukturiert und effizient eingesetzt werden. Sollten dennoch externe Einstellungen n\u00f6tig sein, sollten diese erst durch die politischen Gremien genehmigt werden.<\/p>\n","protected":false},"excerpt":{"rendered":"<p>Bei der Stadt Bochum dr\u00e4ngt sich ja manchmal der Eindruck auf, dass die eine Hand nicht wei\u00df, was die Andere macht. Bislang werden die Akquise und Abwicklungen von F\u00f6rderantr\u00e4gen in den Fach\u00e4mtern &#8217;nebenher&#8216; miterledigt. Die Fraktion &#8222;FDP &amp; DIE STADTGESTALTER&#8220; hat angeregt, diese Arbeit zu professionalisieren und in einer zentralen Stelle zu b\u00fcndeln. Damit kann<a class=\"read-more\" href=\"https:\/\/bojournal.de\/?p=2135\"> [&hellip;]<\/a><\/p>\n","protected":false},"author":1,"featured_media":1998,"comment_status":"open","ping_status":"open","sticky":false,"template":"","format":"standard","meta":{"footnotes":""},"categories":[53,2,13],"tags":[208,439,385,85],"class_list":["post-2135","post","type-post","status-publish","format-standard","has-post-thumbnail","hentry","category-finanzen","category-stadt","category-rat","tag-finanzen","tag-foerdermanagement","tag-foerdermittel","tag-verwaltung"],"publishpress_future_action":{"enabled":false,"date":"2026-05-08 20:31:43","action":"change-status","newStatus":"draft","terms":[],"taxonomy":"category","extraData":[]},"publishpress_future_workflow_manual_trigger":{"enabledWorkflows":[]},"_links":{"self":[{"href":"https:\/\/bojournal.de\/index.php?rest_route=\/wp\/v2\/posts\/2135","targetHints":{"allow":["GET"]}}],"collection":[{"href":"https:\/\/bojournal.de\/index.php?rest_route=\/wp\/v2\/posts"}],"about":[{"href":"https:\/\/bojournal.de\/index.php?rest_route=\/wp\/v2\/types\/post"}],"author":[{"embeddable":true,"href":"https:\/\/bojournal.de\/index.php?rest_route=\/wp\/v2\/users\/1"}],"replies":[{"embeddable":true,"href":"https:\/\/bojournal.de\/index.php?rest_route=%2Fwp%2Fv2%2Fcomments&post=2135"}],"version-history":[{"count":1,"href":"https:\/\/bojournal.de\/index.php?rest_route=\/wp\/v2\/posts\/2135\/revisions"}],"predecessor-version":[{"id":2137,"href":"https:\/\/bojournal.de\/index.php?rest_route=\/wp\/v2\/posts\/2135\/revisions\/2137"}],"wp:featuredmedia":[{"embeddable":true,"href":"https:\/\/bojournal.de\/index.php?rest_route=\/wp\/v2\/media\/1998"}],"wp:attachment":[{"href":"https:\/\/bojournal.de\/index.php?rest_route=%2Fwp%2Fv2%2Fmedia&parent=2135"}],"wp:term":[{"taxonomy":"category","embeddable":true,"href":"https:\/\/bojournal.de\/index.php?rest_route=%2Fwp%2Fv2%2Fcategories&post=2135"},{"taxonomy":"post_tag","embeddable":true,"href":"https:\/\/bojournal.de\/index.php?rest_route=%2Fwp%2Fv2%2Ftags&post=2135"}],"curies":[{"name":"wp","href":"https:\/\/api.w.org\/{rel}","templated":true}]}}