{"id":2176,"date":"2017-06-12T13:20:51","date_gmt":"2017-06-12T11:20:51","guid":{"rendered":"http:\/\/bojournal.buergerbegehren-musikzentrum.de\/?p=2176"},"modified":"2017-06-12T13:20:51","modified_gmt":"2017-06-12T11:20:51","slug":"bochumer-gutsherrenart-gruendung-der-baedergesellschaft-noch-offen-geschaeftsfuehrerposten-schon-ausgeschrieben","status":"publish","type":"post","link":"https:\/\/bojournal.de\/?p=2176","title":{"rendered":"Bochumer Gutsherrenart: Gr\u00fcndung der B\u00e4dergesellschaft noch offen \u2013 Gesch\u00e4ftsf\u00fchrerposten schon ausgeschrieben."},"content":{"rendered":"<p>\u00b7 St\u00e4dtische Gesellschaft f\u00fcr die Bochumer B\u00e4der geplant.<br \/>\n\u00b7 Beschluss zur Gr\u00fcndung noch nicht getroffen, aber Stadt schreibt schon Gesch\u00e4ftsf\u00fchrer auf.<br \/>\n\u00b7 Schl\u00fcssiges Konzept f\u00fcr die Zukunft der Bochum B\u00e4der fehlt weiterhin.<\/p>\n<p><strong>Die Diskussion zu den Bochumer B\u00e4der zieht sich ja nun schon seit L\u00e4ngerem durch die politische Landschaft. Fakt ist, dass die hiesigen B\u00e4der einen Sanierungsstau in erdr\u00fcckender Millionenh\u00f6he vor sich herschieben. Bislang wurden viele Nebelkerzen geworfen. So hat sich der Landtagsabgeordnete Serdar Y\u00fcksel mitten im Wahlkampf zu seiner Wiederwahl als Retter des Hallenfreibad H\u00f6ntrops feiern lassen. Und das obwohl seine eigene SPD-Ratsfraktion noch vorher f\u00fcr ein Haushaltssicherungskonzept stimmte, das die Schlie\u00dfung des Bades n\u00f6tig macht. Nun folgt ein weiteres unr\u00fchmliches Kapitel.<\/strong><\/p>\n<p>Nun sollte das Vorhaben, die Bochumer B\u00e4der in einer neu zu gr\u00fcndenden st\u00e4dtischen Gesellschaft zu b\u00fcndeln, im Sportausschuss am Freitag, den 09.06.2017, fachlich diskutiert werden. Die Beschlussvorlage wurde aber geschoben. Nun folgt aber ein dicker Hammer: Die Verwaltung hat bereits am gleichen Freitagabend eine Ausschreibung zur Suche eines Gr\u00fcndungsgesch\u00e4ftsf\u00fchrer dieser neuen Gesellschaft verschickt und <a href=\"https:\/\/twitter.com\/bochum_de\/status\/874170812613492736\">verbreitet dies heute auch \u00fcber Twitter<\/a>. Das alles ohne eine Empfehlung des Sportausschusses und ohne das ma\u00dfgebliche und vorgesehene Votum des Rates, das erst im Juli auf der Tagesordnung steht.<\/p>\n<p>Das muss man sich mal vorstellen: Es ist noch nicht beschlossen, dass eine st\u00e4dtische Gesellschaft gegr\u00fcndet wird, da soll schon ein gut dotierter Gesch\u00e4ftsf\u00fchrerposten vergeben werden. Da dr\u00e4ngt sich der Gedanke auf, dass im Hinterzimmer der SPD schon alle Strippen gezogen wurden, ohne einen Beschluss des Rates als die Vertretung der Bochumer B\u00fcrgerinnen und B\u00fcrger abzuwarten und zu respektieren. Das ist ein Handeln nach Gutsherrenart, ein professionelles Vorgehen in einer Metropolenstadt sieht anders aus.<\/p>\n<p>Seit Jahren fordert die Fraktion &#8222;FDP &amp; DIE STADTGESTALTER&#8220; ein fachlich gut durchdachtes Konzept, das die B\u00e4derlandschaft zukunftsfest macht. Das schlie\u00dft auch mit ein, sich ernsthaft Gedanken um ein zentrales Spa\u00df-, Sport- und Erlebnisbad zu machen. Jetzt stehen aber wohl wieder Posten und Gekl\u00fcngel im Vordergrund. Es ist zu bef\u00fcrchten, dass ein von der Koalition ausgew\u00e4hlter und genehmer Kandidat schon Gewehr bei Fu\u00df f\u00fcr den neuen Gesch\u00e4ftsf\u00fchrerposten steht. Unter diesen Vorzeichen k\u00fcndigt die Fraktion &#8222;FDP &amp; DIE STADTGESTALTER&#8220; an, der Beschlussvorlage zur Gr\u00fcndung der B\u00e4dergesellschaft nicht zustimmen k\u00f6nnen.<\/p>\n<p>&nbsp;<\/p>\n<p>&nbsp;<\/p>\n<p>&nbsp;<\/p>\n<p>&nbsp;<\/p>\n","protected":false},"excerpt":{"rendered":"<p>\u00b7 St\u00e4dtische Gesellschaft f\u00fcr die Bochumer B\u00e4der geplant. \u00b7 Beschluss zur Gr\u00fcndung noch nicht getroffen, aber Stadt schreibt schon Gesch\u00e4ftsf\u00fchrer auf. \u00b7 Schl\u00fcssiges Konzept f\u00fcr die Zukunft der Bochum B\u00e4der fehlt weiterhin. Die Diskussion zu den Bochumer B\u00e4der zieht sich ja nun schon seit L\u00e4ngerem durch die politische Landschaft. Fakt ist, dass die hiesigen B\u00e4der<a class=\"read-more\" href=\"https:\/\/bojournal.de\/?p=2176\"> [&hellip;]<\/a><\/p>\n","protected":false},"author":271,"featured_media":2177,"comment_status":"open","ping_status":"open","sticky":false,"template":"","format":"standard","meta":{"footnotes":""},"categories":[6,4,13],"tags":[],"class_list":["post-2176","post","type-post","status-publish","format-standard","has-post-thumbnail","hentry","category-kultur","category-unternehmen","category-rat"],"publishpress_future_action":{"enabled":false,"date":"2026-05-09 13:27:50","action":"change-status","newStatus":"draft","terms":[],"taxonomy":"category","extraData":[]},"publishpress_future_workflow_manual_trigger":{"enabledWorkflows":[]},"_links":{"self":[{"href":"https:\/\/bojournal.de\/index.php?rest_route=\/wp\/v2\/posts\/2176","targetHints":{"allow":["GET"]}}],"collection":[{"href":"https:\/\/bojournal.de\/index.php?rest_route=\/wp\/v2\/posts"}],"about":[{"href":"https:\/\/bojournal.de\/index.php?rest_route=\/wp\/v2\/types\/post"}],"author":[{"embeddable":true,"href":"https:\/\/bojournal.de\/index.php?rest_route=\/wp\/v2\/users\/271"}],"replies":[{"embeddable":true,"href":"https:\/\/bojournal.de\/index.php?rest_route=%2Fwp%2Fv2%2Fcomments&post=2176"}],"version-history":[{"count":1,"href":"https:\/\/bojournal.de\/index.php?rest_route=\/wp\/v2\/posts\/2176\/revisions"}],"predecessor-version":[{"id":2178,"href":"https:\/\/bojournal.de\/index.php?rest_route=\/wp\/v2\/posts\/2176\/revisions\/2178"}],"wp:featuredmedia":[{"embeddable":true,"href":"https:\/\/bojournal.de\/index.php?rest_route=\/wp\/v2\/media\/2177"}],"wp:attachment":[{"href":"https:\/\/bojournal.de\/index.php?rest_route=%2Fwp%2Fv2%2Fmedia&parent=2176"}],"wp:term":[{"taxonomy":"category","embeddable":true,"href":"https:\/\/bojournal.de\/index.php?rest_route=%2Fwp%2Fv2%2Fcategories&post=2176"},{"taxonomy":"post_tag","embeddable":true,"href":"https:\/\/bojournal.de\/index.php?rest_route=%2Fwp%2Fv2%2Ftags&post=2176"}],"curies":[{"name":"wp","href":"https:\/\/api.w.org\/{rel}","templated":true}]}}