{"id":2288,"date":"2017-09-27T13:57:04","date_gmt":"2017-09-27T11:57:04","guid":{"rendered":"http:\/\/bojournal.buergerbegehren-musikzentrum.de\/?p=2288"},"modified":"2017-09-27T14:00:38","modified_gmt":"2017-09-27T12:00:38","slug":"85-millionen-euro-fuer-kitas-in-bochum","status":"publish","type":"post","link":"https:\/\/bojournal.de\/?p=2288","title":{"rendered":"8,5 Millionen Euro f\u00fcr Kitas in Bochum."},"content":{"rendered":"<p>Durch die Unt\u00e4tigkeit der rot-gr\u00fcnen Vorg\u00e4ngerregierung sind die Kindertageseinrichtungen in Nordrhein-Westfalen chronisch unterfinanziert. Um die Schlie\u00dfungen von Kindertageseinrichtungen und den R\u00fcckzug von Tr\u00e4gern aus der Kita-Landschaft zu verhindern, stellt die schwarz-gelbe Landesregierung kurzfristig den Kindertageseinrichtungen in Nordrhein-Westfalen insgesamt 500 Mio. Euro zus\u00e4tzlich zur Verf\u00fcgung.<\/p>\n<p>Nun kommt schnelle Hilfe durch die Landesregierung. Die Kitas aus Bochum erhalten insgesamt 8.525.090 Euro aus dem Kita-Rettungspaket. Durch das schnelle Handeln des Familienministers sind die gr\u00f6\u00dften Sorgen der Kita-Tr\u00e4ger beseitigt, die Finanzierung aller Kitas ist nun bis 2019 abgesichert. Bis dahin will die NRW-Koalition das Finanzierungssystem erheblich verbessern. Das ist ein ambitioniertes Ziel, aber eine Unterfinanzierung wie unter Rot-Gr\u00fcn darf nicht mehr passieren. Zudem sind weitere Schritte, um auch die Qualit\u00e4t der Kitas zu steigern und die \u00d6ffnungszeiten st\u00e4rker dem Bedarf der Eltern anzupassen. Das ist ein wichtiger Beitrag, um die Vereinbarkeit von Familie und Beruf zu verbessern.<\/p>\n","protected":false},"excerpt":{"rendered":"<p>Durch die Unt\u00e4tigkeit der rot-gr\u00fcnen Vorg\u00e4ngerregierung sind die Kindertageseinrichtungen in Nordrhein-Westfalen chronisch unterfinanziert. Um die Schlie\u00dfungen von Kindertageseinrichtungen und den R\u00fcckzug von Tr\u00e4gern aus der Kita-Landschaft zu verhindern, stellt die schwarz-gelbe Landesregierung kurzfristig den Kindertageseinrichtungen in Nordrhein-Westfalen insgesamt 500 Mio. Euro zus\u00e4tzlich zur Verf\u00fcgung. Nun kommt schnelle Hilfe durch die Landesregierung. Die Kitas aus Bochum<a class=\"read-more\" href=\"https:\/\/bojournal.de\/?p=2288\"> [&hellip;]<\/a><\/p>\n","protected":false},"author":267,"featured_media":2214,"comment_status":"open","ping_status":"open","sticky":false,"template":"","format":"standard","meta":{"footnotes":""},"categories":[53,3,13],"tags":[208,210,159],"class_list":["post-2288","post","type-post","status-publish","format-standard","has-post-thumbnail","hentry","category-finanzen","category-schule","category-rat","tag-finanzen","tag-kinder","tag-kita"],"publishpress_future_action":{"enabled":false,"date":"2026-05-07 17:21:50","action":"change-status","newStatus":"draft","terms":[],"taxonomy":"category","extraData":[]},"publishpress_future_workflow_manual_trigger":{"enabledWorkflows":[]},"_links":{"self":[{"href":"https:\/\/bojournal.de\/index.php?rest_route=\/wp\/v2\/posts\/2288","targetHints":{"allow":["GET"]}}],"collection":[{"href":"https:\/\/bojournal.de\/index.php?rest_route=\/wp\/v2\/posts"}],"about":[{"href":"https:\/\/bojournal.de\/index.php?rest_route=\/wp\/v2\/types\/post"}],"author":[{"embeddable":true,"href":"https:\/\/bojournal.de\/index.php?rest_route=\/wp\/v2\/users\/267"}],"replies":[{"embeddable":true,"href":"https:\/\/bojournal.de\/index.php?rest_route=%2Fwp%2Fv2%2Fcomments&post=2288"}],"version-history":[{"count":4,"href":"https:\/\/bojournal.de\/index.php?rest_route=\/wp\/v2\/posts\/2288\/revisions"}],"predecessor-version":[{"id":2292,"href":"https:\/\/bojournal.de\/index.php?rest_route=\/wp\/v2\/posts\/2288\/revisions\/2292"}],"wp:featuredmedia":[{"embeddable":true,"href":"https:\/\/bojournal.de\/index.php?rest_route=\/wp\/v2\/media\/2214"}],"wp:attachment":[{"href":"https:\/\/bojournal.de\/index.php?rest_route=%2Fwp%2Fv2%2Fmedia&parent=2288"}],"wp:term":[{"taxonomy":"category","embeddable":true,"href":"https:\/\/bojournal.de\/index.php?rest_route=%2Fwp%2Fv2%2Fcategories&post=2288"},{"taxonomy":"post_tag","embeddable":true,"href":"https:\/\/bojournal.de\/index.php?rest_route=%2Fwp%2Fv2%2Ftags&post=2288"}],"curies":[{"name":"wp","href":"https:\/\/api.w.org\/{rel}","templated":true}]}}