{"id":2483,"date":"2018-03-15T14:10:51","date_gmt":"2018-03-15T13:10:51","guid":{"rendered":"http:\/\/bojournal.buergerbegehren-musikzentrum.de\/?p=2483"},"modified":"2018-04-11T12:41:07","modified_gmt":"2018-04-11T10:41:07","slug":"neue-erinnerungskultur-statt-abriss-des-ehrenmals-in-wattenscheid","status":"publish","type":"post","link":"https:\/\/bojournal.de\/?p=2483","title":{"rendered":"Neue Erinnerungskultur statt Abriss des Ehrenmals in Wattenscheid."},"content":{"rendered":"<p><strong>Die Bochumer Gr\u00fcnen wollen das Denkmal im Ehrenmal-Park in Wattenscheid abrei\u00dfen. Denkm\u00e4ler abzurei\u00dfen, ist der v\u00f6llig falsche Ansatz. Wir k\u00f6nnen der Verantwortung, die solche Ehrenm\u00e4ler an uns stellen, nicht mit der Abrissbirne begegnen. Richtiger w\u00e4re es, die Krypta im Ehrenmal-Park herzurichten, in einen neuen Kontext zu stellen und mit Erkl\u00e4rungen zu versehen.<\/strong><\/p>\n<p>Dass die damalige Aussage des Denkmals, das an gefallene Soldaten der Weltkriege erinnert und Krieg verherrlicht, heute so nicht mehr vertretbar ist, steht au\u00dfer Frage. Aber wenn Herr Pewny kritisiert, dass mit dem Denkmal falsche Erinnerungen assoziiert werden, dann muss man dem konsequent eine erneuerte demokratische Erinnerungskultur entgegensetzen. Unter diesen Vorzeichen und im Rahmen des Denkmalschutzes w\u00e4re eine Neugestaltung angebracht.<\/p>\n<p>Die Fraktion &#8222;FDP &amp; DIE STADTGESTALTER&#8220; kann sich erg\u00e4nzende Erinnerungsstelen an Ort und Stelle vorstellen, die Zukunft und Gegenwart mahnen, nie wieder den Gang in Krieg und Vernichtung mitzugehen. Dazu lassen sich dort auch kleine Veranstaltungen und Lesungen abhalten, die eine Neuinterpretation unterstreichen. Da bekommt man ganz sicher Kooperationspartner wie das Historische Institut der Ruhr-Universit\u00e4t mit ins Boot. So k\u00f6nnten Studierende in Kursen eigene Konzepte und Ideen f\u00fcr einen neu erlebbaren Ehrenmal-Park ausarbeiten. Solche Umsetzungen w\u00fcrden ein deutlicheres Zeichen gegen rechte Str\u00f6mungen setzen als die Gr\u00fcnen und Sebastian Pewny mit ihrem &#8218;Aus dem Augen, aus dem Sinn&#8216;-Prinzip.<\/p>\n<p>Traurig ist, dass man sich diese Fragen auch erst jetzt stellt, wenn das Denkmal nun verfallen und mittlerweile abgesperrt ist. Da f\u00e4llt es einem nat\u00fcrlich leicht, den Abriss vorzuschlagen. So darf eine Stadt aber mit dem Thema Denkm\u00e4ler und Denkmalschutz nicht umgehen. Es wird sich immer erst Gedanken gemacht, wenn Substanz weitgehend verfallen ist, und das ist zu sp\u00e4t.<\/p>\n<p><em>Der Autor Felix Haltt ist Ratsmitglied der Stadt Bochum und Historiker. <\/em><\/p>\n","protected":false},"excerpt":{"rendered":"<p>Die Bochumer Gr\u00fcnen wollen das Denkmal im Ehrenmal-Park in Wattenscheid abrei\u00dfen. Denkm\u00e4ler abzurei\u00dfen, ist der v\u00f6llig falsche Ansatz. Wir k\u00f6nnen der Verantwortung, die solche Ehrenm\u00e4ler an uns stellen, nicht mit der Abrissbirne begegnen. Richtiger w\u00e4re es, die Krypta im Ehrenmal-Park herzurichten, in einen neuen Kontext zu stellen und mit Erkl\u00e4rungen zu versehen. Dass die damalige<a class=\"read-more\" href=\"https:\/\/bojournal.de\/?p=2483\"> [&hellip;]<\/a><\/p>\n","protected":false},"author":267,"featured_media":2484,"comment_status":"open","ping_status":"open","sticky":false,"template":"","format":"standard","meta":{"footnotes":""},"categories":[6,13],"tags":[],"class_list":["post-2483","post","type-post","status-publish","format-standard","has-post-thumbnail","hentry","category-kultur","category-rat"],"publishpress_future_action":{"enabled":false,"date":"2026-05-07 13:53:23","action":"change-status","newStatus":"draft","terms":[],"taxonomy":"category","extraData":[]},"publishpress_future_workflow_manual_trigger":{"enabledWorkflows":[]},"_links":{"self":[{"href":"https:\/\/bojournal.de\/index.php?rest_route=\/wp\/v2\/posts\/2483","targetHints":{"allow":["GET"]}}],"collection":[{"href":"https:\/\/bojournal.de\/index.php?rest_route=\/wp\/v2\/posts"}],"about":[{"href":"https:\/\/bojournal.de\/index.php?rest_route=\/wp\/v2\/types\/post"}],"author":[{"embeddable":true,"href":"https:\/\/bojournal.de\/index.php?rest_route=\/wp\/v2\/users\/267"}],"replies":[{"embeddable":true,"href":"https:\/\/bojournal.de\/index.php?rest_route=%2Fwp%2Fv2%2Fcomments&post=2483"}],"version-history":[{"count":2,"href":"https:\/\/bojournal.de\/index.php?rest_route=\/wp\/v2\/posts\/2483\/revisions"}],"predecessor-version":[{"id":2504,"href":"https:\/\/bojournal.de\/index.php?rest_route=\/wp\/v2\/posts\/2483\/revisions\/2504"}],"wp:featuredmedia":[{"embeddable":true,"href":"https:\/\/bojournal.de\/index.php?rest_route=\/wp\/v2\/media\/2484"}],"wp:attachment":[{"href":"https:\/\/bojournal.de\/index.php?rest_route=%2Fwp%2Fv2%2Fmedia&parent=2483"}],"wp:term":[{"taxonomy":"category","embeddable":true,"href":"https:\/\/bojournal.de\/index.php?rest_route=%2Fwp%2Fv2%2Fcategories&post=2483"},{"taxonomy":"post_tag","embeddable":true,"href":"https:\/\/bojournal.de\/index.php?rest_route=%2Fwp%2Fv2%2Ftags&post=2483"}],"curies":[{"name":"wp","href":"https:\/\/api.w.org\/{rel}","templated":true}]}}