{"id":2838,"date":"2020-03-01T20:28:32","date_gmt":"2020-03-01T19:28:32","guid":{"rendered":"http:\/\/bojournal.buergerbegehren-musikzentrum.de\/?p=2838"},"modified":"2021-01-21T12:14:33","modified_gmt":"2021-01-21T11:14:33","slug":"erweiterung-der-oeffnungszeit-fuer-die-stadtteilbibliothek-linden-ist-nur-trippelschritt","status":"publish","type":"post","link":"https:\/\/bojournal.de\/?p=2838","title":{"rendered":"Erweiterung der \u00d6ffnungszeit f\u00fcr die Stadtteilbibliothek Linden ist nur Trippelschritt."},"content":{"rendered":"\n<p><strong>In Bochum-Linden soll die Stadtteilbibliothek zus\u00e4tzlich zu ihren bisherigen \u00d6ffnungszeiten am Montag, Dienstag und Donnerstag zuk\u00fcnftig auch mittwochs oder samstags \u00f6ffnen. Das ist zwar erfreulich, ist aber nur ein Trippelschritt hin zu einer modernen B\u00fcchereilandschaft. Schade, dass man in Bochum nicht so mutig ist und die \u00d6ffnungszeiten der gro\u00dfen Zentralbibliothek auf den Sonntag ausweitet. Die Landesregierung NRW hat dazu mit dem Bibliotheksst\u00e4rkungsgesetz den rechtlichen Rahmen geliefert.&nbsp;<\/strong><br><\/p>\n\n\n\n<p>Die Fraktion \u201eFDP &amp; DIE STADTGESTALTER\u201c bef\u00fcrwortet erweiterte \u00d6ffnungszeiten f\u00fcr die Bochumer Bibliotheken. Die Lindener werden sich \u00fcber die erweiterten Zugangszeiten ihrer Stadtteilbibliothek sicher freuen. Mit einer Erweiterung der \u00d6ffnungszeiten der Zentralbibliothek w\u00fcrden aber viel mehr Bochumer profitieren.<\/p>\n\n\n\n<p><\/p>\n\n\n\n<p>Wir waren die ersten, die das Thema angesto\u00dfen haben. Mit einem Antrag im Kulturausschuss wollten wir die Sonntags\u00f6ffnung der Zentralbibliothek erm\u00f6glichen. Kurz zuvor hat uns die Landesregierung mit dem Bibliotheksst\u00e4rkungsgesetz die rechtliche Grundlage dazu&nbsp; gegeben.Leider fanden sich unter den anderen Fraktionen nicht genug Unterst\u00fctzer. Man wolle lieber auf die Fertigstellung des \u201aHaus des Wissens\u2018 warten. Dies soll fr\u00fchestens aber 2023 soweit sein. Solange m\u00fcssen die Bochumerinnen und Bochumer warten. Zu lang<\/p>\n\n\n\n<p>Auch sind die erweiterten \u00d6ffnungszeit in Linden nicht gro\u00dfe Wurf hin zu einer modernen Open Libary, wie dies von dem SPD-Fraktionsvorsitzenden dargestellt wurde. Auch der automatisierte Zugang, um B\u00fccher zur\u00fcckzubringen oder mitzunehmen, \u00e4ndert nicht viel am bisherigen Angebot der Stadtteilbibliothek. Das reine Ausleihen von B\u00fccher tritt in Zeiten der Digitalisierung immer mehr zur\u00fcck. <br><br>Als \u201aDritte Orte\u2019 nimmt die Begegnung- und Erkebnisfunktion f\u00fcr den kulturellen Austausch \u00fcber Generationen hinweg eine st\u00e4rkere Bedeutung f\u00fcr das Wesen der Bibliotheken ein. Als herausragende Orte der Bildung und der Integration m\u00fcssen Bibliotheken in Zukunft auch ganz neu und digital ausgestattet werden. Das gilt auch f\u00fcr die Stadtteilbibliothek Linden, wenn diese dauerhaft Erfolg haben soll\u201c, so Haltt abschlie\u00dfend.&nbsp;<br><\/p>\n\n\n\n<p>Die Fraktion \u201eFDP &amp; DIE STADTGESTALTER\u201c wird zu dem Thema eine Anfrage in die Sitzung des Hauptausschusses am 04.03.2020 einreichen.&nbsp;<\/p>\n","protected":false},"excerpt":{"rendered":"<p>In Bochum-Linden soll die Stadtteilbibliothek zus\u00e4tzlich zu ihren bisherigen \u00d6ffnungszeiten am Montag, Dienstag und Donnerstag zuk\u00fcnftig auch mittwochs oder samstags \u00f6ffnen. Das ist zwar erfreulich, ist aber nur ein Trippelschritt hin zu einer modernen B\u00fcchereilandschaft. Schade, dass man in Bochum nicht so mutig ist und die \u00d6ffnungszeiten der gro\u00dfen Zentralbibliothek auf den Sonntag ausweitet. Die<a class=\"read-more\" href=\"https:\/\/bojournal.de\/?p=2838\"> [&hellip;]<\/a><\/p>\n","protected":false},"author":267,"featured_media":2839,"comment_status":"open","ping_status":"open","sticky":false,"template":"","format":"standard","meta":{"footnotes":""},"categories":[3,13],"tags":[],"class_list":["post-2838","post","type-post","status-publish","format-standard","has-post-thumbnail","hentry","category-schule","category-rat"],"publishpress_future_action":{"enabled":false,"date":"2026-05-09 13:58:49","action":"change-status","newStatus":"draft","terms":[],"taxonomy":"category","extraData":[]},"publishpress_future_workflow_manual_trigger":{"enabledWorkflows":[]},"_links":{"self":[{"href":"https:\/\/bojournal.de\/index.php?rest_route=\/wp\/v2\/posts\/2838","targetHints":{"allow":["GET"]}}],"collection":[{"href":"https:\/\/bojournal.de\/index.php?rest_route=\/wp\/v2\/posts"}],"about":[{"href":"https:\/\/bojournal.de\/index.php?rest_route=\/wp\/v2\/types\/post"}],"author":[{"embeddable":true,"href":"https:\/\/bojournal.de\/index.php?rest_route=\/wp\/v2\/users\/267"}],"replies":[{"embeddable":true,"href":"https:\/\/bojournal.de\/index.php?rest_route=%2Fwp%2Fv2%2Fcomments&post=2838"}],"version-history":[{"count":1,"href":"https:\/\/bojournal.de\/index.php?rest_route=\/wp\/v2\/posts\/2838\/revisions"}],"predecessor-version":[{"id":2840,"href":"https:\/\/bojournal.de\/index.php?rest_route=\/wp\/v2\/posts\/2838\/revisions\/2840"}],"wp:featuredmedia":[{"embeddable":true,"href":"https:\/\/bojournal.de\/index.php?rest_route=\/wp\/v2\/media\/2839"}],"wp:attachment":[{"href":"https:\/\/bojournal.de\/index.php?rest_route=%2Fwp%2Fv2%2Fmedia&parent=2838"}],"wp:term":[{"taxonomy":"category","embeddable":true,"href":"https:\/\/bojournal.de\/index.php?rest_route=%2Fwp%2Fv2%2Fcategories&post=2838"},{"taxonomy":"post_tag","embeddable":true,"href":"https:\/\/bojournal.de\/index.php?rest_route=%2Fwp%2Fv2%2Ftags&post=2838"}],"curies":[{"name":"wp","href":"https:\/\/api.w.org\/{rel}","templated":true}]}}