{"id":2889,"date":"2020-05-20T16:31:48","date_gmt":"2020-05-20T14:31:48","guid":{"rendered":"https:\/\/bojournal.de\/?p=2889"},"modified":"2020-12-16T16:30:32","modified_gmt":"2020-12-16T15:30:32","slug":"ab-juni-werden-die-kitas-auch-in-bochum-wieder-oeffnen","status":"publish","type":"post","link":"https:\/\/bojournal.de\/?p=2889","title":{"rendered":"Ab Juni werden die KiTas auch in Bochum wieder \u00f6ffnen."},"content":{"rendered":"\n<p><strong>Eltern k\u00f6nnen nun auch in Bochum etwas sorgenfreier zur Arbeit gehen und die J\u00fcngsten kommen wieder in den Genuss von fr\u00fchkindlicher Bildung. Vom 01.06.2020 bis zum 31.08.2020 wird es in NRW-KiTas einen eingeschr\u00e4nkten Regelbetrieb mit einem Stundenumfang von 35, 25 und 15 Stunden geben. Das Land NRW k\u00fcndigt an, zus\u00e4tzliche finanzielle Mittel f\u00fcr die Tr\u00e4ger der KiTas sowie 5 Millionen Schutzmasken bereitzustellen. Das ist eine gro\u00dfe Hilfe f\u00fcr uns in Bochum. Aber auch die Stadt muss nun ihre Hausaufgaben machen.<\/strong><\/p>\n\n\n\n<p>Vielen Bochumer Eltern wird eine Last von den Schultern fallen. Viele Familien sind in den letzten Wochen an die Grenze ihrer Belastbarkeit gekommen. Es ist eine gute Nachricht, die uns hier aus D\u00fcsseldorf erreicht. Neben der leicht reduzierten Stundenzahl wird sich aber auch der Alltag der Kinder und Erzieher etwas anders darstellen als gewohnt. Wir vertrauen auf die Konzepte, die in Begleitung von interdisziplin\u00e4ren Wissenschaftlern aus Kinderp\u00e4dagogik und Hygiene aufgestellt wurden.<\/p>\n\n\n\n<p>Es wird nach Angaben des Familienministeriums nur feste Gruppen geben, die von mindestens einer Fachkraft betreut werden. Die Gruppen sind r\u00e4umlich voneinander zu trennen. Alle Kontakte m\u00fcssen nachvollziehbar sein. Das Land liefert zwei Millionen FFP-2 Masken und drei Millionen OP-Masken an die NRW-Jugend\u00e4mter. Das ist schon mal eine gute Starthilfe.<\/p>\n\n\n\n<p>Jetzt muss die Stadt Bochum daf\u00fcr sorgen, dass die KiTas auch nach dem Starterpaket dauerhaft ausreichend mit Masken ausgestattet werden. Auch regelm\u00e4\u00dfige\u00a0 Corona-Tests f\u00fcr alle Erzieherinnen und Erzieher werden nun wichtig.<\/p>\n\n\n\n<p>Die Fraktion &#8222;FDP &amp; DIE STADTGESTALTER&#8220; appelliert an die Solidarit\u00e4t aller Eltern. Der \u00dcbergang in diese neue Phase wird als gro\u00dfe Herausforderung auch in Bochum vielleicht nicht immer reibungslos verlaufen. Liebe Eltern, seien Sie zu Zugest\u00e4ndnissen bereit und bleiben Sie immer freundlich zu den Erzieherinnen und Erziehern.<\/p>\n","protected":false},"excerpt":{"rendered":"<p>Eltern k\u00f6nnen nun auch in Bochum etwas sorgenfreier zur Arbeit gehen und die J\u00fcngsten kommen wieder in den Genuss von fr\u00fchkindlicher Bildung. Vom 01.06.2020 bis zum 31.08.2020 wird es in NRW-KiTas einen eingeschr\u00e4nkten Regelbetrieb mit einem Stundenumfang von 35, 25 und 15 Stunden geben. Das Land NRW k\u00fcndigt an, zus\u00e4tzliche finanzielle Mittel f\u00fcr die Tr\u00e4ger<a class=\"read-more\" href=\"https:\/\/bojournal.de\/?p=2889\"> [&hellip;]<\/a><\/p>\n","protected":false},"author":267,"featured_media":2890,"comment_status":"open","ping_status":"open","sticky":false,"template":"","format":"standard","meta":{"footnotes":""},"categories":[3,13],"tags":[],"class_list":["post-2889","post","type-post","status-publish","format-standard","has-post-thumbnail","hentry","category-schule","category-rat"],"publishpress_future_action":{"enabled":false,"date":"2026-05-10 14:07:09","action":"change-status","newStatus":"draft","terms":[],"taxonomy":"category","extraData":[]},"publishpress_future_workflow_manual_trigger":{"enabledWorkflows":[]},"_links":{"self":[{"href":"https:\/\/bojournal.de\/index.php?rest_route=\/wp\/v2\/posts\/2889","targetHints":{"allow":["GET"]}}],"collection":[{"href":"https:\/\/bojournal.de\/index.php?rest_route=\/wp\/v2\/posts"}],"about":[{"href":"https:\/\/bojournal.de\/index.php?rest_route=\/wp\/v2\/types\/post"}],"author":[{"embeddable":true,"href":"https:\/\/bojournal.de\/index.php?rest_route=\/wp\/v2\/users\/267"}],"replies":[{"embeddable":true,"href":"https:\/\/bojournal.de\/index.php?rest_route=%2Fwp%2Fv2%2Fcomments&post=2889"}],"version-history":[{"count":1,"href":"https:\/\/bojournal.de\/index.php?rest_route=\/wp\/v2\/posts\/2889\/revisions"}],"predecessor-version":[{"id":2891,"href":"https:\/\/bojournal.de\/index.php?rest_route=\/wp\/v2\/posts\/2889\/revisions\/2891"}],"wp:featuredmedia":[{"embeddable":true,"href":"https:\/\/bojournal.de\/index.php?rest_route=\/wp\/v2\/media\/2890"}],"wp:attachment":[{"href":"https:\/\/bojournal.de\/index.php?rest_route=%2Fwp%2Fv2%2Fmedia&parent=2889"}],"wp:term":[{"taxonomy":"category","embeddable":true,"href":"https:\/\/bojournal.de\/index.php?rest_route=%2Fwp%2Fv2%2Fcategories&post=2889"},{"taxonomy":"post_tag","embeddable":true,"href":"https:\/\/bojournal.de\/index.php?rest_route=%2Fwp%2Fv2%2Ftags&post=2889"}],"curies":[{"name":"wp","href":"https:\/\/api.w.org\/{rel}","templated":true}]}}