{"id":2896,"date":"2020-06-04T15:33:17","date_gmt":"2020-06-04T13:33:17","guid":{"rendered":"https:\/\/bojournal.de\/?p=2896"},"modified":"2021-01-21T12:13:28","modified_gmt":"2021-01-21T11:13:28","slug":"der-weltfahrradtag-faellt-in-bochum-nur-klein-aus","status":"publish","type":"post","link":"https:\/\/bojournal.de\/?p=2896","title":{"rendered":"Der Weltfahrradtag f\u00e4llt in Bochum nur klein aus."},"content":{"rendered":"\n<p><strong>Da w\u00e4re am Weltfahrradtag mehr drin gewesen. Aber beim Thema Radwege auf dem S\u00fcdring geht den Gr\u00fcnen in der Rathauskoalition wohl die Puste aus. Ein entsprechender Antrag der Fraktion \u201eFDP &amp; DIE STADTGESTALTER\u201c wurde von Rot-Gr\u00fcn abgelehnt. Dass Rot-Gr\u00fcn auch noch beim Radkonzept bremst, sendet da leider ein schlechtes Signal.<\/strong><\/p>\n\n\n\n<p>Mehrere Demonstrationen haben aktuell und in der Vergangenheit darauf hingewiesen, wie wichtig eine sichere Radwegef\u00fchrung auf dem viel befahrenen S\u00fcdring ist. Bei SPD und Gr\u00fcnen sto\u00dfen diese W\u00fcnsche der Radfahrerinnen und Radfahrer aber auf taube Ohren.&nbsp;<\/p>\n\n\n\n<p>FDP und DIE STADTGESTALTER haben gehofft, dass sie mit den Gr\u00fcnen einen Unterst\u00fctzer f\u00fcr ihre S\u00fcdring-Idee finden. Der flie\u00dfende KfZ-Verkehr w\u00e4re nicht beeintr\u00e4chtigt worden. Man h\u00e4tte lediglich das Parken am Stra\u00dfenrand des S\u00fcdrings in die nahen Parkh\u00e4user verlegt und stattdessen dort einen Radweg angelegt. Auch eine Kreisverkehr-L\u00f6sung sollte gepr\u00fcft werden. Ofenbar ist man sich in der Koalition bei der Verkehrspolitik nicht so einig, wie man es nach au\u00dfen vorgibt.<\/p>\n\n\n\n<p>Die Koalition hat lediglich viel Prosa darauf verwendet, grobe Vorschl\u00e4ge f\u00fcr Radverkehrsanlagen an einigen, sicher auch sinnvollen Stellen in der Stadt vorzulegen. Die handfeste Beschleunigung des Radverkehrskonzeptes, das seit Jahren verschleppt wird, fand hingegen leider keine Mehrheit. Die Fraktion \u201eFDP &amp; DIE STADTGESTALTER\u201c wollte durch mehr Personaleinsatz, aktuell arbeitet nach Auskunft der Verwaltung nur ein Mitarbeiter daran, die Entwicklungsdauer von 2022 auf 2021 verk\u00fcrzen.<\/p>\n\n\n\n<p>Die Oppositionsfraktion verbucht aber auch einen kleinen Erfolg f\u00fcr Bochums Radfahrerinnen und Radfahrer. Den Vorschlag, den Springorumweg an Kreuzungen mit dem KfZ-Verkehr mit einer&nbsp; Vorfahrt f\u00fcr Radfahrer auszustatten, hatten FDP und DIE STADTGESTALTER schon Anfang des Jahres angesto\u00dfen. Den entsprechenden Antrag der Koalition haben diese dann gerne mitgetragen. Auch den Ausbau der Trasse wird ausdr\u00fccklich unterst\u00fctzt. <\/p>\n","protected":false},"excerpt":{"rendered":"<p>Da w\u00e4re am Weltfahrradtag mehr drin gewesen. Aber beim Thema Radwege auf dem S\u00fcdring geht den Gr\u00fcnen in der Rathauskoalition wohl die Puste aus. Ein entsprechender Antrag der Fraktion \u201eFDP &amp; DIE STADTGESTALTER\u201c wurde von Rot-Gr\u00fcn abgelehnt. Dass Rot-Gr\u00fcn auch noch beim Radkonzept bremst, sendet da leider ein schlechtes Signal. Mehrere Demonstrationen haben aktuell und<a class=\"read-more\" href=\"https:\/\/bojournal.de\/?p=2896\"> [&hellip;]<\/a><\/p>\n","protected":false},"author":266,"featured_media":2897,"comment_status":"open","ping_status":"open","sticky":false,"template":"","format":"standard","meta":{"footnotes":""},"categories":[13,1],"tags":[88,618,619,197],"class_list":["post-2896","post","type-post","status-publish","format-standard","has-post-thumbnail","hentry","category-rat","category-umwelt","tag-fahrrad","tag-radwege","tag-veranstaltung","tag-verkehr"],"publishpress_future_action":{"enabled":false,"date":"2026-05-10 12:54:51","action":"change-status","newStatus":"draft","terms":[],"taxonomy":"category","extraData":[]},"publishpress_future_workflow_manual_trigger":{"enabledWorkflows":[]},"_links":{"self":[{"href":"https:\/\/bojournal.de\/index.php?rest_route=\/wp\/v2\/posts\/2896","targetHints":{"allow":["GET"]}}],"collection":[{"href":"https:\/\/bojournal.de\/index.php?rest_route=\/wp\/v2\/posts"}],"about":[{"href":"https:\/\/bojournal.de\/index.php?rest_route=\/wp\/v2\/types\/post"}],"author":[{"embeddable":true,"href":"https:\/\/bojournal.de\/index.php?rest_route=\/wp\/v2\/users\/266"}],"replies":[{"embeddable":true,"href":"https:\/\/bojournal.de\/index.php?rest_route=%2Fwp%2Fv2%2Fcomments&post=2896"}],"version-history":[{"count":1,"href":"https:\/\/bojournal.de\/index.php?rest_route=\/wp\/v2\/posts\/2896\/revisions"}],"predecessor-version":[{"id":2898,"href":"https:\/\/bojournal.de\/index.php?rest_route=\/wp\/v2\/posts\/2896\/revisions\/2898"}],"wp:featuredmedia":[{"embeddable":true,"href":"https:\/\/bojournal.de\/index.php?rest_route=\/wp\/v2\/media\/2897"}],"wp:attachment":[{"href":"https:\/\/bojournal.de\/index.php?rest_route=%2Fwp%2Fv2%2Fmedia&parent=2896"}],"wp:term":[{"taxonomy":"category","embeddable":true,"href":"https:\/\/bojournal.de\/index.php?rest_route=%2Fwp%2Fv2%2Fcategories&post=2896"},{"taxonomy":"post_tag","embeddable":true,"href":"https:\/\/bojournal.de\/index.php?rest_route=%2Fwp%2Fv2%2Ftags&post=2896"}],"curies":[{"name":"wp","href":"https:\/\/api.w.org\/{rel}","templated":true}]}}