{"id":2904,"date":"2020-06-29T18:21:09","date_gmt":"2020-06-29T16:21:09","guid":{"rendered":"https:\/\/bojournal.de\/?p=2904"},"modified":"2021-01-21T12:11:26","modified_gmt":"2021-01-21T11:11:26","slug":"spaetere-uhrzeit-fuer-den-schulbeginn-in-bochum-pruefen","status":"publish","type":"post","link":"https:\/\/bojournal.de\/?p=2904","title":{"rendered":"Sp\u00e4tere Uhrzeit f\u00fcr den Schulbeginn in Bochum pr\u00fcfen."},"content":{"rendered":"\n<p><strong>Beim Thema Schulbeginn geht die Uhr 150 Jahre nach. Noch immer l\u00e4utet die Schulglocke mit leichten Abweichungen rund um 8 Uhr in der Fr\u00fch wie anno dazumal. Die Fraktion \u201eFDP &amp; DIE STADTGESTALTER\u201c will eine Flexibilisierung des Unterrichtsbeginns in Bochum ansto\u00dfen. Von einem sp\u00e4teren Schulbeginn k\u00f6nnen gerade pubertierende Sch\u00fclerinnen und Sch\u00fcler profitieren. Deren Motivation und Leistung k\u00f6nnen sich dadurch an ihren Biorhythmus angepasste Unterrichtszeiten verbessern.<\/strong><\/p>\n\n\n\n<p>Die Fraktion \u201cFDP &amp; DIE STADTGESTALTER\u201d regt ein Modellprojekt f\u00fcr Bochum an. Die Stadtverwaltung soll sich mit dem Land in Verbindung setzen und sich eine Genehmigung f\u00fcr einen sp\u00e4teren Beginn der ersten Unterrichtsstunde holen. In einem zweiten Schritt k\u00f6nnen sich dann weiterf\u00fchrende Bochumer Schulen f\u00fcr eine Teilnahme an dem Modellprojekt bewerben.<\/p>\n\n\n\n<p>FDP und DIE STADTGESTALTER  wollen in Bochum die bestm\u00f6gliche Bildung\u00a0erm\u00f6glichen. Beim Sport und in der Unternehmensf\u00fchrung setzt man heutzutage ganz selbstverst\u00e4ndlich auf Erkenntnisse der Psychologie und Biologie, um Leistungen sowie k\u00f6rperliche und geistige Fitness zu verbessern. Auch Sch\u00fclerinnen und Sch\u00fcler sollten von der Wissenschaft profitieren.<\/p>\n\n\n\n<p>Zu fr\u00fche Schulanfangszeiten schw\u00e4chen die Lernm\u00f6glichkeiten von Jugendlichen in der Pubert\u00e4t drastisch. Schlafforscher und Chronobiologen mahnen darum eine kritische \u00dcberprufung des fr\u00fchen Schulbeginns f\u00fcr dieser Altersklasse an. Diesen Wissenschaftlern folgen wir mit unserem Vorschlag.<\/p>\n\n\n\n<p>Professor Till Roenneberg fast als Leiter der Human Chronobiologie am Institut f\u00fcr Medizinische Psychologie der M\u00fcnchner LMU die Ergebnisse zahlreicher entsprechender Studien, die einen Schulbeginn um 09:00 Uhr untersuchten, wie folgt zusammen: Die Sch\u00fcler waren nicht nur motivierter und hatten geringere Fehlzeiten, sie erzielten auch bessere Leistungen. Das hat die Fraktion \u201eFDP &amp; DIE STADTGESTALTER \u00fcberzeugt. Die Fraktion hat dazu am 25.06.2020 eine Anfrage im Rat gestellt.<\/p>\n\n\n\n<p>Felix Haltt, Fraktionsvorsitzender <\/p>\n\n\n\n<p>Dr. Volker Steude, stellvertretender Fraktionsvorsitzender <\/p>\n\n\n\n<p><\/p>\n\n\n\n<p><\/p>\n","protected":false},"excerpt":{"rendered":"<p>Beim Thema Schulbeginn geht die Uhr 150 Jahre nach. Noch immer l\u00e4utet die Schulglocke mit leichten Abweichungen rund um 8 Uhr in der Fr\u00fch wie anno dazumal. Die Fraktion \u201eFDP &amp; DIE STADTGESTALTER\u201c will eine Flexibilisierung des Unterrichtsbeginns in Bochum ansto\u00dfen. Von einem sp\u00e4teren Schulbeginn k\u00f6nnen gerade pubertierende Sch\u00fclerinnen und Sch\u00fcler profitieren. Deren Motivation und<a class=\"read-more\" href=\"https:\/\/bojournal.de\/?p=2904\"> [&hellip;]<\/a><\/p>\n","protected":false},"author":271,"featured_media":2905,"comment_status":"open","ping_status":"open","sticky":false,"template":"","format":"standard","meta":{"footnotes":""},"categories":[3,13],"tags":[269,615,155,597],"class_list":["post-2904","post","type-post","status-publish","format-standard","has-post-thumbnail","hentry","category-schule","category-rat","tag-bildung","tag-schulbeginn","tag-schule","tag-unterricht"],"publishpress_future_action":{"enabled":false,"date":"2026-05-10 14:51:39","action":"change-status","newStatus":"draft","terms":[],"taxonomy":"category","extraData":[]},"publishpress_future_workflow_manual_trigger":{"enabledWorkflows":[]},"_links":{"self":[{"href":"https:\/\/bojournal.de\/index.php?rest_route=\/wp\/v2\/posts\/2904","targetHints":{"allow":["GET"]}}],"collection":[{"href":"https:\/\/bojournal.de\/index.php?rest_route=\/wp\/v2\/posts"}],"about":[{"href":"https:\/\/bojournal.de\/index.php?rest_route=\/wp\/v2\/types\/post"}],"author":[{"embeddable":true,"href":"https:\/\/bojournal.de\/index.php?rest_route=\/wp\/v2\/users\/271"}],"replies":[{"embeddable":true,"href":"https:\/\/bojournal.de\/index.php?rest_route=%2Fwp%2Fv2%2Fcomments&post=2904"}],"version-history":[{"count":1,"href":"https:\/\/bojournal.de\/index.php?rest_route=\/wp\/v2\/posts\/2904\/revisions"}],"predecessor-version":[{"id":2906,"href":"https:\/\/bojournal.de\/index.php?rest_route=\/wp\/v2\/posts\/2904\/revisions\/2906"}],"wp:featuredmedia":[{"embeddable":true,"href":"https:\/\/bojournal.de\/index.php?rest_route=\/wp\/v2\/media\/2905"}],"wp:attachment":[{"href":"https:\/\/bojournal.de\/index.php?rest_route=%2Fwp%2Fv2%2Fmedia&parent=2904"}],"wp:term":[{"taxonomy":"category","embeddable":true,"href":"https:\/\/bojournal.de\/index.php?rest_route=%2Fwp%2Fv2%2Fcategories&post=2904"},{"taxonomy":"post_tag","embeddable":true,"href":"https:\/\/bojournal.de\/index.php?rest_route=%2Fwp%2Fv2%2Ftags&post=2904"}],"curies":[{"name":"wp","href":"https:\/\/api.w.org\/{rel}","templated":true}]}}