{"id":2966,"date":"2020-11-15T08:49:27","date_gmt":"2020-11-15T07:49:27","guid":{"rendered":"https:\/\/bojournal.de\/?p=2966"},"modified":"2020-11-15T20:15:29","modified_gmt":"2020-11-15T19:15:29","slug":"linksfraktion-die-partei-und-die-stadtgestalter-machen-druck-fuer-rats-tv","status":"publish","type":"post","link":"https:\/\/bojournal.de\/?p=2966","title":{"rendered":"Linksfraktion, \u201eDie PARTEI\u201c und STADTGESTALTER machen Druck f\u00fcr Rats-TV."},"content":{"rendered":"\n<p><strong>Mit einem gemeinsamen Antrag zur ersten Ratssitzung der neuen Wahlperiode am 19.11.2020 wollen die Fraktion der Linken im Rat und die Ratsgruppen von \u201eDie PARTEI\u201c sowie STADTGESTALTER eine \u00dcbertragung und Aufzeichnung der Ratssitzungen f\u00fcr ein On-Demand-Angebot im Internet durchsetzen<\/strong>.<\/p>\n\n\n\n<p>\u201eMit dem Rats-TV k\u00f6nnen wir deutlich mehr Transparenz schaffen\u201c, sagt Horst Hohmeier, Vorsitzender der Linksfraktion. \u201eDa die Ratssitzungen meist werktags um 15 Uhr stattfinden, finden sich nur wenige Zuschauer*innen auf der Besuchertrib\u00fcne ein. Alle B\u00fcrger*innen sollen die M\u00f6glichkeit&nbsp; haben, die Debatten und Positionen ihrer Vertreter*innen verfolgen zu k\u00f6nnen.\u201c<\/p>\n\n\n\n<p>\u201eAls das Thema zu Beginn dieses Jahres mal wieder zum Beschluss vorlag, versteckte sich die Koalition hinter der Aussage, man wolle der Kommunalwahl und den dann neu gew\u00e4hlten Ratsmitgliedern nicht vorgreifen. Wir nehmen SPD und Gr\u00fcne nun beim Wort. Wenn man ein Rats-TV f\u00fcr die neue Ratsperiode einf\u00fchren will, dann ist jetzt die richtige Zeit daf\u00fcr\u201c, erkl\u00e4rt Dr. Volker Steude f\u00fcr DIE STADTGESTALTER.<\/p>\n\n\n\n<p>\u201eDas ist eine tolle Idee. Ich wollte immer schon mal ins Fernsehen\u201c, erg\u00e4nzt Nils Brandt von \u201eDie PARTEI\u201c. \u201eEigentlich dachten wir ja, dass Phoenix eh live \u00fcbertr\u00e4gt, aber offenbar gibt es das nur im Bundestag und nicht im viel bedeutenderen Bochumer Rat.\u201c<\/p>\n\n\n\n<p>Die Sprecher*innen betonen, dass sie sich auch einem gemeinsamen Antrag anderer Fraktionen&nbsp; anschlie\u00dfen w\u00fcrden.<\/p>\n","protected":false},"excerpt":{"rendered":"<p>Mit einem gemeinsamen Antrag zur ersten Ratssitzung der neuen Wahlperiode am 19.11.2020 wollen die Fraktion der Linken im Rat und die Ratsgruppen von \u201eDie PARTEI\u201c sowie STADTGESTALTER eine \u00dcbertragung und Aufzeichnung der Ratssitzungen f\u00fcr ein On-Demand-Angebot im Internet durchsetzen. \u201eMit dem Rats-TV k\u00f6nnen wir deutlich mehr Transparenz schaffen\u201c, sagt Horst Hohmeier, Vorsitzender der Linksfraktion. \u201eDa<a class=\"read-more\" href=\"https:\/\/bojournal.de\/?p=2966\"> [&hellip;]<\/a><\/p>\n","protected":false},"author":266,"featured_media":2967,"comment_status":"open","ping_status":"open","sticky":false,"template":"","format":"standard","meta":{"footnotes":""},"categories":[13],"tags":[290,568,311,569,165,302,567,107],"class_list":["post-2966","post","type-post","status-publish","format-standard","has-post-thumbnail","hentry","category-rat","tag-bochum","tag-live","tag-rats-tv","tag-ratssitzungen","tag-stadtgestalter","tag-stadtrat","tag-streaming","tag-transparenz"],"publishpress_future_action":{"enabled":false,"date":"2026-05-08 14:41:57","action":"change-status","newStatus":"draft","terms":[],"taxonomy":"category","extraData":[]},"publishpress_future_workflow_manual_trigger":{"enabledWorkflows":[]},"_links":{"self":[{"href":"https:\/\/bojournal.de\/index.php?rest_route=\/wp\/v2\/posts\/2966","targetHints":{"allow":["GET"]}}],"collection":[{"href":"https:\/\/bojournal.de\/index.php?rest_route=\/wp\/v2\/posts"}],"about":[{"href":"https:\/\/bojournal.de\/index.php?rest_route=\/wp\/v2\/types\/post"}],"author":[{"embeddable":true,"href":"https:\/\/bojournal.de\/index.php?rest_route=\/wp\/v2\/users\/266"}],"replies":[{"embeddable":true,"href":"https:\/\/bojournal.de\/index.php?rest_route=%2Fwp%2Fv2%2Fcomments&post=2966"}],"version-history":[{"count":3,"href":"https:\/\/bojournal.de\/index.php?rest_route=\/wp\/v2\/posts\/2966\/revisions"}],"predecessor-version":[{"id":2970,"href":"https:\/\/bojournal.de\/index.php?rest_route=\/wp\/v2\/posts\/2966\/revisions\/2970"}],"wp:featuredmedia":[{"embeddable":true,"href":"https:\/\/bojournal.de\/index.php?rest_route=\/wp\/v2\/media\/2967"}],"wp:attachment":[{"href":"https:\/\/bojournal.de\/index.php?rest_route=%2Fwp%2Fv2%2Fmedia&parent=2966"}],"wp:term":[{"taxonomy":"category","embeddable":true,"href":"https:\/\/bojournal.de\/index.php?rest_route=%2Fwp%2Fv2%2Fcategories&post=2966"},{"taxonomy":"post_tag","embeddable":true,"href":"https:\/\/bojournal.de\/index.php?rest_route=%2Fwp%2Fv2%2Ftags&post=2966"}],"curies":[{"name":"wp","href":"https:\/\/api.w.org\/{rel}","templated":true}]}}