{"id":3014,"date":"2020-12-04T10:01:41","date_gmt":"2020-12-04T09:01:41","guid":{"rendered":"https:\/\/bojournal.de\/?p=3014"},"modified":"2020-12-16T16:24:48","modified_gmt":"2020-12-16T15:24:48","slug":"die-partei-und-die-stadtgestalter-gruenden-neue-fraktion-im-rat-%e2%80%a8%e2%80%a8","status":"publish","type":"post","link":"https:\/\/bojournal.de\/?p=3014","title":{"rendered":"Die PARTEI und DIE STADTGESTALTER gr\u00fcnden neue Fraktion im Rat"},"content":{"rendered":"\n<p><strong>Ernsthafte Kommunalpolitik mit Augenzwinkern.<\/strong><br><br><strong>Die Ratsmitglieder Nils-Frederick Brandt und Paul Tobias Dahlmann von der Partei Die PARTEI sowie Dr. Volker Steude und Dr. Carsten Bachert-Schneider von den STADTGESTALTERN haben am 02.12.2020 ein gemeinsames Fraktionsstatut unterzeichnet. Fortan werden sie unter dem Namen \u201eDie PARTEI &amp; STADTGESTALER &#8211; Die ungew\u00f6hnliche Fraktion\u201c im Rat auftreten. Die Fraktion PARTEI\/STADTGESTALTER steht f\u00fcr eine ernsthafte Kommunalpolitik mit Augenzwinkern.<\/strong><br><br>Die Ratsmitglieder erkl\u00e4ren, dass sie sich konstruktiv an allen politischen Herausforderungen und Projekten beteiligen werden. Satire wird ein wohldosiertes Stilmittel sein, um politische Kritik zur Geltung zu bringen und der Bochumer Politik neue Impulse zu geben. Die Fraktion von PARTEI und STADTGESTALTERN will im Stadtrat mit vielf\u00e4ltigen Anregungen und kreativen Vorschl\u00e4gen f\u00fcr frischen Wind sorgen mit dem Ziel, die Lebensqualit\u00e4t in der Stadt weiter zu erh\u00f6hen. &nbsp;<\/p>\n\n\n\n<p>Die Fraktion wird sich im Rat f\u00fcr moderne Verkehrskonzepte einsetzen, m\u00f6chte mehr B\u00fcrgerbeteiligung erm\u00f6glichen, f\u00fcr solide Finanzen k\u00e4mpfen sowie auch Problemthemen wie Obdachlosigkeit, Wohnungsnot und Schulausstattung in den Fokus nehmen. Wichtige Themen werden auch Klimaschutz und der Erhalt der st\u00e4dtischen Gr\u00fcn- und Naturfl\u00e4chen sein. Au\u00dferdem wird sich die Fraktion f\u00fcr die F\u00f6rderung von Kunst und Kultur einsetzen. Entsprechend soll die zuk\u00fcnftige Arbeit der Fraktion unter dem Motto &#8222;Innovativ und kritisch, von konstruktiv bis satirisch\u201c stehen.&nbsp;<\/p>\n\n\n\n<p>\u201eWir hatten bereits unmittelbar nach der Wahl im September mit ersten Gespr\u00e4chen zur Bildung einer Fraktion begonnen\u201c, teilt Dr. Steude mit. Die Gespr\u00e4che hierzu seien von einer guten Gespr\u00e4chsatmosph\u00e4re und weitreichenden inhaltlichen \u00dcbereinstimmungen getragen gewesen, h\u00e4tten aber aufgrund der basisorientierten Grundhaltung beider Gespr\u00e4chspartner etwas mehr Zeit ben\u00f6tigt. \u201eMit der gestrigen Unterzeichnung des Fraktionsstatuts ist nun die Grundlage f\u00fcr eine enge und partnerschaftliche Zusammenarbeit in den n\u00e4chsten 5 Jahren gelegt worden\u201c, erg\u00e4nzt Brandt von der Partei Die PARTEI.<\/p>\n\n\n\n<p>Als Fraktionsvorsitzende wurden Nils-Frederick Brandt und Dr. Volker Steude gew\u00e4hlt. Tobias Dahlmann und Dr. Carsten Bachert-Schneider fungieren als Stellvertreter.<\/p>\n\n\n\n<figure class=\"wp-block-image size-large\"><img loading=\"lazy\" decoding=\"async\" width=\"1024\" height=\"458\" src=\"https:\/\/bojournal.de\/files\/2020\/12\/77530A11-B533-4299-A843-EAB5313BFB28-1024x458.jpeg\" alt=\"\" class=\"wp-image-3015\" srcset=\"https:\/\/bojournal.de\/files\/2020\/12\/77530A11-B533-4299-A843-EAB5313BFB28-1024x458.jpeg 1024w, https:\/\/bojournal.de\/files\/2020\/12\/77530A11-B533-4299-A843-EAB5313BFB28-300x134.jpeg 300w, https:\/\/bojournal.de\/files\/2020\/12\/77530A11-B533-4299-A843-EAB5313BFB28-768x344.jpeg 768w, https:\/\/bojournal.de\/files\/2020\/12\/77530A11-B533-4299-A843-EAB5313BFB28.jpeg 1242w\" sizes=\"auto, (max-width: 1024px) 100vw, 1024px\" \/><\/figure>\n","protected":false},"excerpt":{"rendered":"<p>Ernsthafte Kommunalpolitik mit Augenzwinkern. Die Ratsmitglieder Nils-Frederick Brandt und Paul Tobias Dahlmann von der Partei Die PARTEI sowie Dr. Volker Steude und Dr. Carsten Bachert-Schneider von den STADTGESTALTERN haben am 02.12.2020 ein gemeinsames Fraktionsstatut unterzeichnet. Fortan werden sie unter dem Namen \u201eDie PARTEI &amp; STADTGESTALER &#8211; Die ungew\u00f6hnliche Fraktion\u201c im Rat auftreten. Die Fraktion PARTEI\/STADTGESTALTER<a class=\"read-more\" href=\"https:\/\/bojournal.de\/?p=3014\"> [&hellip;]<\/a><\/p>\n","protected":false},"author":271,"featured_media":3015,"comment_status":"open","ping_status":"open","sticky":false,"template":"","format":"standard","meta":{"footnotes":""},"categories":[13],"tags":[163,576,570,577,274,165,302],"class_list":["post-3014","post","type-post","status-publish","format-standard","has-post-thumbnail","hentry","category-rat","tag-fraktion","tag-gruendung","tag-partei","tag-politik","tag-rat","tag-stadtgestalter","tag-stadtrat"],"publishpress_future_action":{"enabled":false,"date":"2026-05-07 12:50:05","action":"change-status","newStatus":"draft","terms":[],"taxonomy":"category","extraData":[]},"publishpress_future_workflow_manual_trigger":{"enabledWorkflows":[]},"_links":{"self":[{"href":"https:\/\/bojournal.de\/index.php?rest_route=\/wp\/v2\/posts\/3014","targetHints":{"allow":["GET"]}}],"collection":[{"href":"https:\/\/bojournal.de\/index.php?rest_route=\/wp\/v2\/posts"}],"about":[{"href":"https:\/\/bojournal.de\/index.php?rest_route=\/wp\/v2\/types\/post"}],"author":[{"embeddable":true,"href":"https:\/\/bojournal.de\/index.php?rest_route=\/wp\/v2\/users\/271"}],"replies":[{"embeddable":true,"href":"https:\/\/bojournal.de\/index.php?rest_route=%2Fwp%2Fv2%2Fcomments&post=3014"}],"version-history":[{"count":3,"href":"https:\/\/bojournal.de\/index.php?rest_route=\/wp\/v2\/posts\/3014\/revisions"}],"predecessor-version":[{"id":3022,"href":"https:\/\/bojournal.de\/index.php?rest_route=\/wp\/v2\/posts\/3014\/revisions\/3022"}],"wp:featuredmedia":[{"embeddable":true,"href":"https:\/\/bojournal.de\/index.php?rest_route=\/wp\/v2\/media\/3015"}],"wp:attachment":[{"href":"https:\/\/bojournal.de\/index.php?rest_route=%2Fwp%2Fv2%2Fmedia&parent=3014"}],"wp:term":[{"taxonomy":"category","embeddable":true,"href":"https:\/\/bojournal.de\/index.php?rest_route=%2Fwp%2Fv2%2Fcategories&post=3014"},{"taxonomy":"post_tag","embeddable":true,"href":"https:\/\/bojournal.de\/index.php?rest_route=%2Fwp%2Fv2%2Ftags&post=3014"}],"curies":[{"name":"wp","href":"https:\/\/api.w.org\/{rel}","templated":true}]}}