{"id":3025,"date":"2020-12-16T07:38:10","date_gmt":"2020-12-16T06:38:10","guid":{"rendered":"https:\/\/bojournal.de\/?p=3025"},"modified":"2021-01-08T13:57:14","modified_gmt":"2021-01-08T12:57:14","slug":"stellungnahme-der-fraktion-die-partei-stadtgestalter-zur-wahl-der-ausschuesse-am-17-02-2020","status":"publish","type":"post","link":"https:\/\/bojournal.de\/?p=3025","title":{"rendered":"Stellungnahme der Fraktion \u201eDie PARTEI &#038; STADTGESTALTER\u201c zur Wahl der Aussch\u00fcsse am 17.02.2020"},"content":{"rendered":"\n<p>Rat und Ratsmitglieder sind in der Aus\u00fcbung ihres Mandates an Recht und Gesetz gebunden. Es ist unstrittig, dass aufgrund des grundgesetzliche Demokratieprinzips die Ratsaussch\u00fcsse spiegelbildlich zum Kr\u00e4fteverh\u00e4ltnis der Fraktionen im Rat zu bilden sind.<\/p>\n\n\n\n<p>Sollten sich die Kr\u00e4fteverh\u00e4ltnisse im Rat \u00e4ndern, m\u00fcssen die Aussch\u00fcsse neu gew\u00e4hlt werden. Die Verwaltung hat nun best\u00e4tigt, dass die rechtm\u00e4\u00dfige Gr\u00fcndung der Fraktion \u201eDie PARTEI &amp; STADTGESTALTER\u201c eine solche Neuwahl zur Folge hat und die Neubildung der Aussch\u00fcsse auf die Tagesordnung zur Ratssitzung am 17.12.2020 gesetzt.&nbsp;<\/p>\n\n\n\n<p>Die ordentliche Mitwirkung im Ausschuss stellt ein wichtiges Teilhaberecht einer Fraktion dar, da in vielen F\u00e4llen Entscheidungen gem. Zust\u00e4ndigkeitskatalog vom Rat auf die Aussch\u00fcsse \u00fcbertragen werden. Hinzu tritt, dass die fachliche Entscheidung eines Beschlusses in der kommunalen Praxis bereits in der Debatte und mit der Abstimmung in der Vorberatung im Ausschuss f\u00e4llt.&nbsp;<\/p>\n\n\n\n<p>Zwar steht einer Fraktion allein Aufgrund ihres Status kein Ausschusssitz zu, allerdings darf der Rat auch nicht willk\u00fcrlich eine Fraktion, der rechnerisch ein Ausschusssitz zukommt, von ihren Teilhaberechten ausschlie\u00dfen und stattdessen kleinere Fraktionen, denen nach dem St\u00e4rkeverh\u00e4ltnis kein sicherer Sitz im Ausschuss zu steht, bevorteilen. Das Demokratieprinzip darf nicht allein Aufgrund des Mehrheitsprinzips eingeschr\u00e4nkt werden.&nbsp;<\/p>\n\n\n\n<p>Sollte die Spiegelbildlichkeit der Besetzung von Rat und Aussch\u00fcssen bei der Neuwahl der Aussch\u00fcsse mit Leihstimmen ausgehebelt werden, sieht sich die Fraktion \u201eDie PARTEI &amp; STADTGESTALTER\u201c in ihren organschaftlichen Rechten verletzt. Eine von der Fraktion dann angestrebte kommunalverfassungsrechtliche Klage hat vor dem Verwaltungsgericht Aussicht auf Erfolg. Die entsprechende Wahl w\u00e4re&nbsp;wegen eines inhaltlichen Versto\u00dfes gegen h\u00f6herrangiges Recht rechtswidrig. Rechtswidrige Wahlen bzw. Ratsbeschl\u00fcsse sind nichtig.<\/p>\n\n\n\n<p>Dar\u00fcberhinaus erkl\u00e4rt die Fraktion:<br><br>\u201eEs w\u00e4re nicht nachvollziehbar, wenn SPD, Gr\u00fcne und CDU eine Fraktion aus dem demokratischen Spektrum mit aller Macht von ihrem Recht auf einen ordentlichen Sitz in den Aussch\u00fcssen ausschlie\u00dfen wollen. Dass die vier Ratsmitglieder der Fraktion \u201eDie PARTEI &amp; STADTGESTALTER\u201c ernsthaft und konstruktiv am politischen Prozess mitwirken, haben sie bereits durch einen gemeinsamen Sachantrag mit der Fraktion \u201eDie Linke\u201c zur praktischen Umsetzung des Rats-TV gezeigt\u201c, so Dr. Volker Steude.<\/p>\n\n\n\n<p>\u201eHier braucht man das Stilmittel der Satire zur Verdeutlichung gar nicht auspacken. Solche Man\u00f6ver zur Beschneidung von Teilhaberechten sind schon Realsatire\u201c, kommentiert Nils Brandt.<\/p>\n","protected":false},"excerpt":{"rendered":"<p>Rat und Ratsmitglieder sind in der Aus\u00fcbung ihres Mandates an Recht und Gesetz gebunden. Es ist unstrittig, dass aufgrund des grundgesetzliche Demokratieprinzips die Ratsaussch\u00fcsse spiegelbildlich zum Kr\u00e4fteverh\u00e4ltnis der Fraktionen im Rat zu bilden sind. Sollten sich die Kr\u00e4fteverh\u00e4ltnisse im Rat \u00e4ndern, m\u00fcssen die Aussch\u00fcsse neu gew\u00e4hlt werden. Die Verwaltung hat nun best\u00e4tigt, dass die rechtm\u00e4\u00dfige<a class=\"read-more\" href=\"https:\/\/bojournal.de\/?p=3025\"> [&hellip;]<\/a><\/p>\n","protected":false},"author":271,"featured_media":3026,"comment_status":"open","ping_status":"open","sticky":false,"template":"","format":"standard","meta":{"footnotes":""},"categories":[13],"tags":[572,312,573,308,574,570,575,165,302,571],"class_list":["post-3025","post","type-post","status-publish","format-standard","has-post-thumbnail","hentry","category-rat","tag-ausschuesse","tag-demokratie","tag-gemeindeordnung","tag-gericht","tag-miderheit","tag-partei","tag-spiegelbilclichkeit","tag-stadtgestalter","tag-stadtrat","tag-wahl"],"publishpress_future_action":{"enabled":false,"date":"2026-05-05 16:50:21","action":"change-status","newStatus":"draft","terms":[],"taxonomy":"category","extraData":[]},"publishpress_future_workflow_manual_trigger":{"enabledWorkflows":[]},"_links":{"self":[{"href":"https:\/\/bojournal.de\/index.php?rest_route=\/wp\/v2\/posts\/3025","targetHints":{"allow":["GET"]}}],"collection":[{"href":"https:\/\/bojournal.de\/index.php?rest_route=\/wp\/v2\/posts"}],"about":[{"href":"https:\/\/bojournal.de\/index.php?rest_route=\/wp\/v2\/types\/post"}],"author":[{"embeddable":true,"href":"https:\/\/bojournal.de\/index.php?rest_route=\/wp\/v2\/users\/271"}],"replies":[{"embeddable":true,"href":"https:\/\/bojournal.de\/index.php?rest_route=%2Fwp%2Fv2%2Fcomments&post=3025"}],"version-history":[{"count":2,"href":"https:\/\/bojournal.de\/index.php?rest_route=\/wp\/v2\/posts\/3025\/revisions"}],"predecessor-version":[{"id":3029,"href":"https:\/\/bojournal.de\/index.php?rest_route=\/wp\/v2\/posts\/3025\/revisions\/3029"}],"wp:featuredmedia":[{"embeddable":true,"href":"https:\/\/bojournal.de\/index.php?rest_route=\/wp\/v2\/media\/3026"}],"wp:attachment":[{"href":"https:\/\/bojournal.de\/index.php?rest_route=%2Fwp%2Fv2%2Fmedia&parent=3025"}],"wp:term":[{"taxonomy":"category","embeddable":true,"href":"https:\/\/bojournal.de\/index.php?rest_route=%2Fwp%2Fv2%2Fcategories&post=3025"},{"taxonomy":"post_tag","embeddable":true,"href":"https:\/\/bojournal.de\/index.php?rest_route=%2Fwp%2Fv2%2Ftags&post=3025"}],"curies":[{"name":"wp","href":"https:\/\/api.w.org\/{rel}","templated":true}]}}