{"id":3250,"date":"2021-04-15T12:24:07","date_gmt":"2021-04-15T10:24:07","guid":{"rendered":"https:\/\/bojournal.de\/?p=3250"},"modified":"2021-04-15T12:24:08","modified_gmt":"2021-04-15T10:24:08","slug":"begrenzung-der-passagierzahl-bei-der-bogestra-zu-schulstosszeiten-mehr-busse-und-bahnen-in-den-einsatz-bringen","status":"publish","type":"post","link":"https:\/\/bojournal.de\/?p=3250","title":{"rendered":"Begrenzung der Passagierzahl bei der BOGESTRA  zu Schulsto\u00dfzeiten &#8211; Mehr Busse und Bahnen in den Einsatz bringen."},"content":{"rendered":"\n<p><strong>\u201eBusse und Bahnen sollen in ihrer Auslastung zu Zeiten des Schulbeginns und Schulendes auf h\u00f6chstens 50% begrenzt und zus\u00e4tzliche Fahrzeuge eingeplant werden. Damit soll Gedr\u00e4nge von Sch\u00fclerinnen im \u00d6PNV vermieden werden, sobald der Pr\u00e4senzunterricht wieder startet\u201c, erkl\u00e4rt Vincent Stock, schulpolitischer Sprecher der Fraktion \u201eDie PARTEI &amp; STADTGESTALTER\u201c. Mit einem Antrag zum Schulausschuss am 23.04.2021 will die Fraktion Partei\/Stadtgestalter f\u00fcr besseren Coronaschutz von Sch\u00fclerinnen sorgen. <\/strong><\/p>\n\n\n\n<p>\u201eDer Schulweg mit dem \u00d6PNV stellt einen Flaschenhals dar. Teilweise dr\u00e4ngen sich Sch\u00fclerinnen in Bussen und Bahnen. Schon vor der Pandemie glichen Fahrzeuge des \u00d6PNV zu den Schulsto\u00dfzeiten eher einem fahrenden K\u00e4fig. In \u00fcberf\u00fcllten geschlossenen Fahrzeugen kann dadurch die Viruslast in der Luft gef\u00e4hrlich ansteigen\u201c, sagt Vincent Stock. \u201eIn derart \u00fcberf\u00fcllten Fahrzeugen wird die \u00dcbertragung eines hochansteckenden Virus exorbitant beg\u00fcnstigt und die Gesundheit der Sch\u00fclerinnen gef\u00e4hrdet. Trotz Masken wird so die Infektionsgefahr steigen\u201c, meint das Mitglied des Schulausschusses. \u201eDes Weiteren ist zu beachten, dass eine Nachverfolgung der Infektionsketten in einem Fahrzeug, mit jedem Tag wechselnder Besetzung, die von A nach B bef\u00f6rdert wird nahezu unm\u00f6glich ist und die Verbreitung des Virus weiterhin beg\u00fcnstigt wird.\u201c<\/p>\n\n\n\n<p><br>\u201eEs zeigte sich in den letzten Monaten, dass auch bei Ausweichm\u00f6glichkeiten \u00fcber andere Linien und anderen Fahrzeugen alleine keine Entzerrung stattfindet. Zwar ist der Einsatz von zus\u00e4tzlichen Bussen und Bahnen unbedingt notwendig, aber die Auslastung der einzelnen Fahrzeuge gezielt zu steuern ist. Busse sollten so direkt hintereinander verkehren und jeweils nur eine um 50% reduzierte maximale Personenzahl bef\u00f6rdern\u201c, sagt Stock von der sehr guten Partei Die PARTEI.<\/p>\n\n\n\n<p>\u201eEine Umsetzung sollen Verwaltung und BoGeStra gemeinsam mit den Sch\u00fcler*innenvertretungen und den Schulleitern erarbeiten. Von einem Konzept, das Verantwortliche und Betroffene zusammen erarbeiten, erhoffen wir uns mehr Akzeptanz und Effizienz\u201c, so Stock. Die Passagierzahlen k\u00f6nnte man durch den Einsatz von Lichtschranken, wie einige Superm\u00e4rkte ihre Auslastung seit Beginn der Pandemie verwenden, kontrollieren, oder durch alleinige Freigabe der Sitzpl\u00e4tze erfolgen, schl\u00e4gt die Fraktion PARTEI\/STADTGESTALTER vor.<\/p>\n\n\n\n<p><br>\u201eDie notwendigen zus\u00e4tzlichen Busse sollen \u00fcber F\u00f6rderm\u00f6glichkeiten und durch die Beauftragung von privaten Busunternehmen bereitgestellt werden\u201c, so Stock. \u201eBis zur Wiederaufnahme des Pr\u00e4senzunterrichts muss das Konzept stehen. Die Zeit muss man jetzt nutzen.\u201c<\/p>\n","protected":false},"excerpt":{"rendered":"<p>\u201eBusse und Bahnen sollen in ihrer Auslastung zu Zeiten des Schulbeginns und Schulendes auf h\u00f6chstens 50% begrenzt und zus\u00e4tzliche Fahrzeuge eingeplant werden. Damit soll Gedr\u00e4nge von Sch\u00fclerinnen im \u00d6PNV vermieden werden, sobald der Pr\u00e4senzunterricht wieder startet\u201c, erkl\u00e4rt Vincent Stock, schulpolitischer Sprecher der Fraktion \u201eDie PARTEI &amp; STADTGESTALTER\u201c. Mit einem Antrag zum Schulausschuss am 23.04.2021 will<a class=\"read-more\" href=\"https:\/\/bojournal.de\/?p=3250\"> [&hellip;]<\/a><\/p>\n","protected":false},"author":271,"featured_media":3251,"comment_status":"open","ping_status":"open","sticky":false,"template":"","format":"standard","meta":{"footnotes":""},"categories":[3,1],"tags":[609,447,624,241,155,103,563],"class_list":["post-3250","post","type-post","status-publish","format-standard","has-post-thumbnail","hentry","category-schule","category-umwelt","tag-corona","tag-infektion","tag-infektionsschutz","tag-oepnv","tag-schule","tag-schulen","tag-schulweg"],"publishpress_future_action":{"enabled":false,"date":"2026-05-07 17:26:54","action":"change-status","newStatus":"draft","terms":[],"taxonomy":"category","extraData":[]},"publishpress_future_workflow_manual_trigger":{"enabledWorkflows":[]},"_links":{"self":[{"href":"https:\/\/bojournal.de\/index.php?rest_route=\/wp\/v2\/posts\/3250","targetHints":{"allow":["GET"]}}],"collection":[{"href":"https:\/\/bojournal.de\/index.php?rest_route=\/wp\/v2\/posts"}],"about":[{"href":"https:\/\/bojournal.de\/index.php?rest_route=\/wp\/v2\/types\/post"}],"author":[{"embeddable":true,"href":"https:\/\/bojournal.de\/index.php?rest_route=\/wp\/v2\/users\/271"}],"replies":[{"embeddable":true,"href":"https:\/\/bojournal.de\/index.php?rest_route=%2Fwp%2Fv2%2Fcomments&post=3250"}],"version-history":[{"count":1,"href":"https:\/\/bojournal.de\/index.php?rest_route=\/wp\/v2\/posts\/3250\/revisions"}],"predecessor-version":[{"id":3252,"href":"https:\/\/bojournal.de\/index.php?rest_route=\/wp\/v2\/posts\/3250\/revisions\/3252"}],"wp:featuredmedia":[{"embeddable":true,"href":"https:\/\/bojournal.de\/index.php?rest_route=\/wp\/v2\/media\/3251"}],"wp:attachment":[{"href":"https:\/\/bojournal.de\/index.php?rest_route=%2Fwp%2Fv2%2Fmedia&parent=3250"}],"wp:term":[{"taxonomy":"category","embeddable":true,"href":"https:\/\/bojournal.de\/index.php?rest_route=%2Fwp%2Fv2%2Fcategories&post=3250"},{"taxonomy":"post_tag","embeddable":true,"href":"https:\/\/bojournal.de\/index.php?rest_route=%2Fwp%2Fv2%2Ftags&post=3250"}],"curies":[{"name":"wp","href":"https:\/\/api.w.org\/{rel}","templated":true}]}}