{"id":3439,"date":"2021-08-18T09:02:37","date_gmt":"2021-08-18T07:02:37","guid":{"rendered":"https:\/\/bojournal.de\/?p=3439"},"modified":"2021-08-18T09:02:39","modified_gmt":"2021-08-18T07:02:39","slug":"unterstuetzung-fuer-luftbruecke-afghanistan","status":"publish","type":"post","link":"https:\/\/bojournal.de\/?p=3439","title":{"rendered":"Unterst\u00fctzung f\u00fcr Luftbr\u00fccke Afghanistan"},"content":{"rendered":"\n<p>Die Initiative Luftbr\u00fccke, die eine Aufnahme von Verfolgten aus Afghanistan in Deutschland fordert, erf\u00e4hrt die Unterst\u00fctzung der Ratsfraktion \u201eDie PARTEI &amp; STADTGESTALTER\u201c. \u201eBochum sollte den Menschen, die sich in Afghanistan in der Hoffnung auf eine demokratische Perspektive engagiert haben, eine sichere Zuflucht bieten\u201c, erkl\u00e4ren die Fraktionsvorsitzenden Nils Brandt und Dr. Volker Steude.&nbsp;<\/p>\n\n\n\n<p>\u201eIntegrationsminister Joachim Stamp hat mehrfach betont, dass NRW nun Menschen aus Afghanistan aufnehmen solle. Da Ministerpr\u00e4sident Laschet sich diesbez\u00fcglich zur\u00fcckhaltend \u00e4u\u00dfert, m\u00fcssen die NRW-Kommunen nun Druck bei der Landesregierung machen. Bochum soll ausdr\u00fccklich Kapazit\u00e4ten f\u00fcr Menschen aus Afghanistan anbieten und eine Nutzung beim Land einfordern\u201c, sagen Brandt und Dr. Steude.&nbsp;<\/p>\n\n\n\n<p>Mit einer Anfrage soll das bisherige Engagement der Stadt in diesem Thema gepr\u00fcft werden, k\u00fcndigt die Fraktion \u201eDie PARTEI &amp; STADTGESTALTER\u201c an. \u201eBislang blieb die Verwaltung zumindest \u00f6ffentlich auff\u00e4llig unauff\u00e4llig\u201c, hinterfragen Brandt und Dr. Steude auch das Vorgehen von Oberb\u00fcrgermeister Thomas Eiskirch. \u201eSchlie\u00dflich hat sich die Stadt selbst als \u201aSicheren Hafen\u2018 f\u00fcr Fl\u00fcchtende bezeichnet. Da m\u00fcssen nun auch schnell Taten folgen\u201c, so Brandt und Dr. Steude abschlie\u00dfend.<\/p>\n","protected":false},"excerpt":{"rendered":"<p>Die Initiative Luftbr\u00fccke, die eine Aufnahme von Verfolgten aus Afghanistan in Deutschland fordert, erf\u00e4hrt die Unterst\u00fctzung der Ratsfraktion \u201eDie PARTEI &amp; STADTGESTALTER\u201c. \u201eBochum sollte den Menschen, die sich in Afghanistan in der Hoffnung auf eine demokratische Perspektive engagiert haben, eine sichere Zuflucht bieten\u201c, erkl\u00e4ren die Fraktionsvorsitzenden Nils Brandt und Dr. Volker Steude.&nbsp; \u201eIntegrationsminister Joachim Stamp<a class=\"read-more\" href=\"https:\/\/bojournal.de\/?p=3439\"> [&hellip;]<\/a><\/p>\n","protected":false},"author":271,"featured_media":3440,"comment_status":"open","ping_status":"open","sticky":false,"template":"","format":"standard","meta":{"footnotes":""},"categories":[5],"tags":[652,65],"class_list":["post-3439","post","type-post","status-publish","format-standard","has-post-thumbnail","hentry","category-soziales","tag-afghanistan","tag-fluechtlinge"],"publishpress_future_action":{"enabled":false,"date":"2026-05-07 13:49:15","action":"change-status","newStatus":"draft","terms":[],"taxonomy":"category","extraData":[]},"publishpress_future_workflow_manual_trigger":{"enabledWorkflows":[]},"_links":{"self":[{"href":"https:\/\/bojournal.de\/index.php?rest_route=\/wp\/v2\/posts\/3439","targetHints":{"allow":["GET"]}}],"collection":[{"href":"https:\/\/bojournal.de\/index.php?rest_route=\/wp\/v2\/posts"}],"about":[{"href":"https:\/\/bojournal.de\/index.php?rest_route=\/wp\/v2\/types\/post"}],"author":[{"embeddable":true,"href":"https:\/\/bojournal.de\/index.php?rest_route=\/wp\/v2\/users\/271"}],"replies":[{"embeddable":true,"href":"https:\/\/bojournal.de\/index.php?rest_route=%2Fwp%2Fv2%2Fcomments&post=3439"}],"version-history":[{"count":1,"href":"https:\/\/bojournal.de\/index.php?rest_route=\/wp\/v2\/posts\/3439\/revisions"}],"predecessor-version":[{"id":3441,"href":"https:\/\/bojournal.de\/index.php?rest_route=\/wp\/v2\/posts\/3439\/revisions\/3441"}],"wp:featuredmedia":[{"embeddable":true,"href":"https:\/\/bojournal.de\/index.php?rest_route=\/wp\/v2\/media\/3440"}],"wp:attachment":[{"href":"https:\/\/bojournal.de\/index.php?rest_route=%2Fwp%2Fv2%2Fmedia&parent=3439"}],"wp:term":[{"taxonomy":"category","embeddable":true,"href":"https:\/\/bojournal.de\/index.php?rest_route=%2Fwp%2Fv2%2Fcategories&post=3439"},{"taxonomy":"post_tag","embeddable":true,"href":"https:\/\/bojournal.de\/index.php?rest_route=%2Fwp%2Fv2%2Ftags&post=3439"}],"curies":[{"name":"wp","href":"https:\/\/api.w.org\/{rel}","templated":true}]}}