{"id":3480,"date":"2021-10-03T14:09:46","date_gmt":"2021-10-03T12:09:46","guid":{"rendered":"https:\/\/bojournal.de\/?p=3480"},"modified":"2021-10-03T14:09:47","modified_gmt":"2021-10-03T12:09:47","slug":"das-buch-vom-norm","status":"publish","type":"post","link":"https:\/\/bojournal.de\/?p=3480","title":{"rendered":"Das Buch vom Norm"},"content":{"rendered":"\n<p>Ich stelle fest: Menschen im Allgemeinen sind wirklich so bl\u00f6d, wie man sagt. Dabei beziehe ich mich auf die gerade zur\u00fcckliegende Bundestagswahl in Deutschland.<\/p>\n\n\n\n<p>Insbesondere juckt es mich in den Fingern, \u00fcber ihren Hang zum bipolaren Denken zu l\u00e4stern. Ach was! Ich mache es einfach mal. Besagtes Schwarz-Wei\u00df-Denken hat n\u00e4mlich ausgerechnet die Kandidaten der zwei Parteien fixiert, welche das Land die ganzen letzten Jahre regiert haben.<\/p>\n\n\n\n<p>Also nun zu selbigen beiden: Der eine folgt aus d\u00e4monologischer Sicht Mammon &#8211; und gewinnt damit auch noch knapp. Sein Konkurrent will aber trotzdem regieren, so dass der Verdacht nahe liegt, er k\u00f6nne etwas mit einem Chaosgott zu tun haben. Mit einer geringeren Wahrscheinlichkeit k\u00f6nnte Laschet auch Loki anh\u00e4ngen. Daf\u00fcr spr\u00e4che sein Werdegang. Aber eigentlich habe ich bei ihm keine richtig z\u00fcndende Vermutung.<\/p>\n\n\n\n<figure class=\"wp-block-image size-large\"><a href=\"https:\/\/bojournal.de\/files\/2021\/01\/zauberer-fb-1.png\"><img loading=\"lazy\" decoding=\"async\" width=\"1024\" height=\"401\" src=\"https:\/\/bojournal.de\/files\/2021\/01\/zauberer-fb-1-1024x401.png\" alt=\"\" class=\"wp-image-3133\" srcset=\"https:\/\/bojournal.de\/files\/2021\/01\/zauberer-fb-1-1024x401.png 1024w, https:\/\/bojournal.de\/files\/2021\/01\/zauberer-fb-1-300x118.png 300w, https:\/\/bojournal.de\/files\/2021\/01\/zauberer-fb-1-768x301.png 768w, https:\/\/bojournal.de\/files\/2021\/01\/zauberer-fb-1.png 1049w\" sizes=\"auto, (max-width: 1024px) 100vw, 1024px\" \/><\/a><\/figure>\n\n\n\n<p>Der Kernpunkt ist, dass scheinbar kaum ein W\u00e4hler ernsthaft weitere Alternativen in Erw\u00e4gung gezogen hat. Was die eine Dame verbaerbockt hat, war doch wohl eher die M\u00f6glichkeit, selber als eine von genau zweien in den Fokus genommen zu werden.<\/p>\n\n\n\n<p>Dabei liegt der Fehler bei der W\u00e4hlerschaft in der Annahme, Politik w\u00e4re ein eindimensionales Entweder-Oder. Die Realit\u00e4t ist aber eher, dass jede der vielen verschiedenen Parteien hier und da Recht hat, und man nach Schwerpunkten entscheiden sollte.<\/p>\n\n\n\n<p>(Wenn ihr schon zwischen den Sph\u00e4ren verschiedener G\u00f6tter und D\u00e4monen w\u00e4hlt, so stimmt f\u00fcr Bastet und besorgt euch einen Laserpointer!)<\/p>\n\n\n\n<p>Bipolares Denken macht in hohem Ma\u00dfe manipulierbar, und zwar nicht nur durch mich. Es folgt der Logik: \u201eWer nicht f\u00fcr mich ist, ist gegen mich. Ich bin f\u00fcr das Gute, also ist der Andere f\u00fcr das B\u00f6se. Folge mir, Volk! Ich f\u00fchre euch zu einem Bordell.\u201c Konkret stimmt diese Logik nur insofern, als dass ich selbst b\u00f6se bin, und Leuten mit der beschriebenen Grundhaltung allgemein ablehnend gegen\u00fcberstehe.<\/p>\n\n\n\n<p>Ansonsten ist es nat\u00fcrlich so, dass jeder, der gegen eine Sache ist, gleichzeitig f\u00fcr ziemlich verschiedene andere Sachen sein kann, und nicht nur f\u00fcr ein postuliertes (!) Gegenteil. Das Gegenteil von Norden ist vielleicht S\u00fcden. Aber es kann trotzdem sein, dass das Ziel im Westen liegt. Doch selbst, wenn man in eine klare Richtung hat, kann es sein, dass da gerade ein Berg oder ein untoter Dinosaurier herumliegt, den man besser umgeht. Das gilt im Sauerland wie auch sonst im Leben.<\/p>\n\n\n\n<p>Bezogen auf die Bundestagswahl bedeutet das: Ein hinreichend gro\u00dfer Teil der Bev\u00f6lkerung hat sich in eine logische Falle leiten lassen. Danach haben sie dann nicht mehr gew\u00e4hlt, was sie eigentlich wollten, sondern sind zur Wahl zwischen genau zwei Alternativen hin und her geschwankt worden. Hat man hinreichend viele hinreichend dumme Menschen aber erst einmal dazu gebracht, nur noch das kleinere \u00dcbel zu w\u00e4hlen, so kann man ihnen auch sonst genug hahneb\u00fcchenen Bl\u00f6dsinn erz\u00e4hlen.<\/p>\n\n\n\n<p>Der P\u00f6bel in Deutschland sollte sich dabei endlich merken, dass ich hier das personifizierte B\u00f6se bin, vor dem Alle zu schlottern haben!<\/p>\n\n\n\n<p>Diese Bundespolitiker werden mich noch kennen lernen. Offenbar bin ich n\u00e4mlich der Einzige (mit euch jetzt, meine Untertanen), der auf dem Schirm hat, dass Menschen nicht w\u00e4hlen, was gut f\u00fcr sie ist. Das tun nur Elfen. Menschen hingegen w\u00e4hlen den, den sie f\u00fcr stark halten. Sobald sie also erst einmal gesehen haben, wie ich Exempel an unschuldigen Kreisen mit Rindern statuiere, werden sie sich mir schon beugen. Dann gewinne ich in vier Jahren und marschiere in Berlin mit einer Armee aus Skeletten in Ritterr\u00fcstungen ein.<\/p>\n\n\n\n<p>Da die Stadt ausnehmend h\u00e4sslich ist, werde ich dort dann das Oberste zu unterst kehren, und sie umbenennen in Neu-Hofstede. Nehmt das vorl\u00e4ufig als Wahlversprechen!<\/p>\n\n\n\n<p>Bleibt b\u00f6se!<\/p>\n\n\n\n<p>Euer Tobias, der sehr finstere<\/p>\n\n\n\n<p>P.S.:<\/p>\n\n\n\n<p>Ich sollte noch die \u00dcberschrift erkl\u00e4ren.<\/p>\n\n\n\n<p>&nbsp;Wie bereits angemerkt, ticken Elfen gesellschaftlich und politisch meist inhaltlicher als Menschen. Das \u201eBuch vom Norm\u201c ist ist nun eine uralte Schrift von einem ihrer Gelehrten. Darin wird das beschriebene Verhalten (auch als Wahlverhalten im Allgemeinen) von Menschen erstmalig dargestellt.<\/p>\n\n\n\n<p>&nbsp;Spannend ist dabei die Nomenklatur, denn das Wort \u201eNorm\u201c entstammt einem altelfischen Dialekt und scheint in verschiedene Menschensprachen eingegangen zu sein. Der \u201eMensch\u201c hei\u00dft dort \u201eNorm\u201c \/ die \u201eNorm\u201c. Zeitgen\u00f6ssische Menschen scheinen den Begriff mehrheitlich als \u201edurchschnittlich\u201c zu verstehen. Dabei meinen die Elfen ihn eigentlich abwertend.<\/p>\n","protected":false},"excerpt":{"rendered":"<p>Ich stelle fest: Menschen im Allgemeinen sind wirklich so bl\u00f6d, wie man sagt. Dabei beziehe ich mich auf die gerade zur\u00fcckliegende Bundestagswahl in Deutschland. Insbesondere juckt es mich in den Fingern, \u00fcber ihren Hang zum bipolaren Denken zu l\u00e4stern. Ach was! Ich mache es einfach mal. Besagtes Schwarz-Wei\u00df-Denken hat n\u00e4mlich ausgerechnet die Kandidaten der zwei<a class=\"read-more\" href=\"https:\/\/bojournal.de\/?p=3480\"> [&hellip;]<\/a><\/p>\n","protected":false},"author":13048,"featured_media":0,"comment_status":"open","ping_status":"open","sticky":false,"template":"","format":"standard","meta":{"footnotes":""},"categories":[13],"tags":[],"class_list":["post-3480","post","type-post","status-publish","format-standard","hentry","category-rat"],"publishpress_future_action":{"enabled":false,"date":"2026-05-07 15:18:58","action":"change-status","newStatus":"draft","terms":[],"taxonomy":"category","extraData":[]},"publishpress_future_workflow_manual_trigger":{"enabledWorkflows":[]},"_links":{"self":[{"href":"https:\/\/bojournal.de\/index.php?rest_route=\/wp\/v2\/posts\/3480","targetHints":{"allow":["GET"]}}],"collection":[{"href":"https:\/\/bojournal.de\/index.php?rest_route=\/wp\/v2\/posts"}],"about":[{"href":"https:\/\/bojournal.de\/index.php?rest_route=\/wp\/v2\/types\/post"}],"author":[{"embeddable":true,"href":"https:\/\/bojournal.de\/index.php?rest_route=\/wp\/v2\/users\/13048"}],"replies":[{"embeddable":true,"href":"https:\/\/bojournal.de\/index.php?rest_route=%2Fwp%2Fv2%2Fcomments&post=3480"}],"version-history":[{"count":1,"href":"https:\/\/bojournal.de\/index.php?rest_route=\/wp\/v2\/posts\/3480\/revisions"}],"predecessor-version":[{"id":3481,"href":"https:\/\/bojournal.de\/index.php?rest_route=\/wp\/v2\/posts\/3480\/revisions\/3481"}],"wp:attachment":[{"href":"https:\/\/bojournal.de\/index.php?rest_route=%2Fwp%2Fv2%2Fmedia&parent=3480"}],"wp:term":[{"taxonomy":"category","embeddable":true,"href":"https:\/\/bojournal.de\/index.php?rest_route=%2Fwp%2Fv2%2Fcategories&post=3480"},{"taxonomy":"post_tag","embeddable":true,"href":"https:\/\/bojournal.de\/index.php?rest_route=%2Fwp%2Fv2%2Ftags&post=3480"}],"curies":[{"name":"wp","href":"https:\/\/api.w.org\/{rel}","templated":true}]}}