{"id":3482,"date":"2021-10-05T09:14:00","date_gmt":"2021-10-05T07:14:00","guid":{"rendered":"https:\/\/bojournal.de\/?p=3482"},"modified":"2021-10-05T09:16:52","modified_gmt":"2021-10-05T07:16:52","slug":"rat-soll-im-sommer-ein-mal-open-air-in-der-city-tagen","status":"publish","type":"post","link":"https:\/\/bojournal.de\/?p=3482","title":{"rendered":"Rat soll im Sommer ein Mal Open-Air in der City Tagen."},"content":{"rendered":"\n<p><strong>Mit einer ungew\u00f6hnlichen Idee will die Fraktion \u201eDie PARTEI &amp; STADTGESTALTER\u201c die Kommunalpolitik st\u00e4rker in den Fokus der B\u00fcrger*innen r\u00fccken. \u201eDer Rat muss dahin, wo das Zentrum der Bochumer \u00d6ffentlichkeit ist. Eine Ratssitzung im Sommer unter freiem Himmel auf dem Husemann-Platz k\u00f6nnte vielen Menschen einen handfesten Live-Eindruck von Kommunalpolitik liefern\u201c, sagt der Fraktionsvorsitzende Nils-Frederick Brandt.&nbsp;<\/strong><\/p>\n\n\n\n<p>\u201eDie Verwaltung hat mit dem \u201aTag des offenen Rathauses\u2018 ja einen ersten Schritt zur Transparenz gegen\u00fcber den B\u00fcrger*innen gemacht. Gerade die technischen Abteilungen haben mit ihren Vorf\u00fchrungen von Ger\u00e4ten und Fahrzeugen auf dem Rathausplatz gro\u00dfe Sympathiepunkte bei Jung und Alt gewinnen k\u00f6nnen\u201c, lobt Brandt, der selbst beim dort Krankentransportwagen ausstellenden Deutschen Roten Kreuz aktiv ist.&nbsp;<\/p>\n\n\n\n<p>\u201ePositiv ist auch, dass man bewusst Informationen \u00fcber die Arbeit des Rates eingebunden hat. Leider ist aber ausgerechnet dieses wichtige Thema untergegangen\u201c, kommentiert der sehr gute Brandt von der sehr guten Partei Die PARTEI. \u201eWill man mehr als nur eine Handvoll B\u00fcrger*innen erreichen und begeistern, kann man bei den M\u00e4dels und Jungs vom Technischen Betrieb, Tiefbauamt und Co. lernen. Das hei\u00dft: Raus aus dem Ratssaal, dahin gehen wo die Leute sind und eine Live-Ratssitzung vorf\u00fchren\u201c, sagt Brandt.&nbsp;<\/p>\n\n\n\n<p>\u201eDas w\u00e4re doch mal etwas v\u00f6llig Neues, mit dem man auch ,Laufkundschaft\u2018 erreichen kann\u201c, wirbt Brandt f\u00fcr die Idee. Das Ratsmitglied gibt sich locker und meint: \u201eDas kann ja eine speziell angepasste Sitzung sein, bei der man sich im Vorfeld auf interessante Themen einigt und beschr\u00e4nkt, damit die Zuschauer nicht durch Formalia eingeschl\u00e4fert werden. Es m\u00fcssten auch nicht zwingend formal bindende Beschl\u00fcsse gefasst werden, denn eine lebhafte Diskussion \u00fcber stadtrelevante Themen alleine ist schon spannend genug. Auch B\u00fcrger*innen k\u00f6nnte man die M\u00f6glichkeit in einem engeren Rahmen geben, Fragen zu stellen.\u201c<\/p>\n\n\n\n<p>So ganz verr\u00fcckt sei der Ansatz ja auch gar nicht, sagt Brandt: \u201eInfost\u00e4nde und Kundgebungen von Parteien finden ja auch in der Innenstadt und \u201aOpen-Air\u2018 statt. Die notwendige Technik, B\u00fchne und Organisation ist nicht gr\u00f6\u00dfer als bei anderen Veranstaltungen in der Innenstadt. Dass der Rat flexibel ist, was die Tagungsorte betrifft, hat er ja in Corona bereits bewiesen: Etwa bei seinen \u201aAusw\u00e4rtsspielen\u2018 im Ruhrcongress oder in der Jahrhunderthalle\u201c, so Brandt abschlie\u00dfend&nbsp;<\/p>\n\n\n\n<p><a href=\"https:\/\/bochum.ratsinfomanagement.net\/sdnetrim\/UGhVM0hpd2NXNFdFcExjZT1aNvwDyrkPrBY3UtG-II3wS4cnbmAAIHNDG1BBXd6G\/Antrag_20213141_1._Nachtrag.pdf\">Die Fraktion \u201eDie PARTEI &amp; STADTGESTALTER\u201c stellt in der Ratssitzung am 07.10.2021 einen entsprechenden Antrag.<\/a><\/p>\n","protected":false},"excerpt":{"rendered":"<p>Mit einer ungew\u00f6hnlichen Idee will die Fraktion \u201eDie PARTEI &amp; STADTGESTALTER\u201c die Kommunalpolitik st\u00e4rker in den Fokus der B\u00fcrger*innen r\u00fccken. \u201eDer Rat muss dahin, wo das Zentrum der Bochumer \u00d6ffentlichkeit ist. Eine Ratssitzung im Sommer unter freiem Himmel auf dem Husemann-Platz k\u00f6nnte vielen Menschen einen handfesten Live-Eindruck von Kommunalpolitik liefern\u201c, sagt der Fraktionsvorsitzende Nils-Frederick Brandt.&nbsp;<a class=\"read-more\" href=\"https:\/\/bojournal.de\/?p=3482\"> [&hellip;]<\/a><\/p>\n","protected":false},"author":271,"featured_media":3483,"comment_status":"open","ping_status":"open","sticky":false,"template":"","format":"standard","meta":{"footnotes":""},"categories":[13],"tags":[77,541,274,569,542,302],"class_list":["post-3482","post","type-post","status-publish","format-standard","has-post-thumbnail","hentry","category-rat","tag-buergerbeteiligung","tag-marketing","tag-rat","tag-ratssitzungen","tag-stadtmarketing","tag-stadtrat"],"publishpress_future_action":{"enabled":false,"date":"2026-05-08 02:32:18","action":"change-status","newStatus":"draft","terms":[],"taxonomy":"category","extraData":[]},"publishpress_future_workflow_manual_trigger":{"enabledWorkflows":[]},"_links":{"self":[{"href":"https:\/\/bojournal.de\/index.php?rest_route=\/wp\/v2\/posts\/3482","targetHints":{"allow":["GET"]}}],"collection":[{"href":"https:\/\/bojournal.de\/index.php?rest_route=\/wp\/v2\/posts"}],"about":[{"href":"https:\/\/bojournal.de\/index.php?rest_route=\/wp\/v2\/types\/post"}],"author":[{"embeddable":true,"href":"https:\/\/bojournal.de\/index.php?rest_route=\/wp\/v2\/users\/271"}],"replies":[{"embeddable":true,"href":"https:\/\/bojournal.de\/index.php?rest_route=%2Fwp%2Fv2%2Fcomments&post=3482"}],"version-history":[{"count":2,"href":"https:\/\/bojournal.de\/index.php?rest_route=\/wp\/v2\/posts\/3482\/revisions"}],"predecessor-version":[{"id":3485,"href":"https:\/\/bojournal.de\/index.php?rest_route=\/wp\/v2\/posts\/3482\/revisions\/3485"}],"wp:featuredmedia":[{"embeddable":true,"href":"https:\/\/bojournal.de\/index.php?rest_route=\/wp\/v2\/media\/3483"}],"wp:attachment":[{"href":"https:\/\/bojournal.de\/index.php?rest_route=%2Fwp%2Fv2%2Fmedia&parent=3482"}],"wp:term":[{"taxonomy":"category","embeddable":true,"href":"https:\/\/bojournal.de\/index.php?rest_route=%2Fwp%2Fv2%2Fcategories&post=3482"},{"taxonomy":"post_tag","embeddable":true,"href":"https:\/\/bojournal.de\/index.php?rest_route=%2Fwp%2Fv2%2Ftags&post=3482"}],"curies":[{"name":"wp","href":"https:\/\/api.w.org\/{rel}","templated":true}]}}