{"id":3516,"date":"2021-10-11T15:05:12","date_gmt":"2021-10-11T13:05:12","guid":{"rendered":"https:\/\/bojournal.de\/?p=3516"},"modified":"2021-10-11T15:05:13","modified_gmt":"2021-10-11T13:05:13","slug":"kinderzimmer-auf-zeit-als-angebot-fuer-getrennt-lebende-elternteile-die-aus-groesserer-entfernung-zum-besuch-ihrer-kinder-anreisen-muessen","status":"publish","type":"post","link":"https:\/\/bojournal.de\/?p=3516","title":{"rendered":"Kinderzimmer auf Zeit als Angebot f\u00fcr getrennt lebende Elternteile, die aus gr\u00f6\u00dferer Entfernung zum Besuch ihrer Kinder anreisen m\u00fcssen."},"content":{"rendered":"\n<p><strong>\u201eOftmals f\u00fchren die Lebenswege getrennt lebender Eltern weit auseinander. <a href=\"https:\/\/www.welt.de\/politik\/deutschland\/article160594079\/So-koennen-Trennungseltern-beim-Pendeln-Geld-sparen.html\">Wenn das Elternteil, bei dem das gemeinsame Kind haupts\u00e4chlich lebt, in einer entfernten Stadt wohnt, ergeben sich gro\u00dfe Schwierigkeiten was die Gestaltung des Umgangsrechts betrifft<\/a>\u201c, beschreibt Tim Erlen, sozialpolitischer Sprecher der Fraktion Partei\/Stadtgestalter. \u201eOhne eigene Wohnung in der anderen Stadt, muss die gemeinsame Zeit mit dem Kind drau\u00dfen, in \u00f6ffentlichen Caf\u00e9s oder nicht kindgerechten Hotelzimmern verbracht werden. Kinderzimmer auf Zeit, die in den R\u00e4umlichkeiten von KiTas \u00fcbers Wochenende angeboten werden, k\u00f6nnen hier helfen.\u201c<\/strong><\/p>\n\n\n\n<p>\u201eIn 90% der F\u00e4lle betrifft es V\u00e4ter, die f\u00fcr die gemeinsame Zeit mit ihrem Kind anreisen, wenn die Elternteile in unterschiedlichen St\u00e4dten wohnen. Eine kindgerechte Umgebung gibt es dann nur im Haushalt der Expartnerin. Nachvollziehbar, dass dies f\u00fcr viele getrennt lebende Elternteile keine Option darstellt. Doch wohin dann?\u201c, fragt Erlen. \u201eIm Sommer k\u00f6nnen Papa und Kind vielleicht noch viel gemeinsame Zeit drau\u00dfen verbringen. Aber bei schlechtem Wetter und gerade in der kommenden dunklen Jahreszeit bleibt nur das nicht kindgerechte Hotelzimmer oder \u00f6ffentliche Orte wie Caf\u00e9s und Restaurants\u201c, gibt Erlen zu bedenken.<\/p>\n\n\n\n<p>\u201eBei V\u00e4tern, die nicht viele finanzielle Mittel haben, steht oft nicht mal ein Hotelzimmer zur Verf\u00fcgung.<\/p>\n\n\n\n<p>Medien berichten, dass V\u00e4ter aus Kostengr\u00fcnden in ihren Autos \u00fcbernachten, wenn sie ihre Kinder besuchen. Das allein zeigt schon, dass die Multilokalit\u00e4t gesellschaftlich weder ausreichend erkannt noch mit L\u00f6sungsversuchen bedacht wird\u201c, \u00e4rgert sich Erlen.&nbsp;<\/p>\n\n\n\n<p>\u201eDie mehrfach <a href=\"https:\/\/blog.mein-papa-kommt.info\/auszeichnung-land-der-ideen-wettbewerb-1221\/\">ausgezeichnete Initiative \u201aPapa kommt\u2018 <\/a>hat hier als erste ein Angebot von kostenfreien \u00dcbernachtungen bei freiwilligen Gastgebern online zur Verf\u00fcgung gestellt. Aber auch die Stadt muss hier was f\u00fcr ihre j\u00fcngsten Einwohner*innen tun. Mit \u201aKinderzimmern auf Zeit\u2018 k\u00f6nnten Kinderg\u00e4rten und Familienzentren ihre R\u00e4umlichkeiten am Wochenende den Papas und ihren Kindern \u00fcberlassen. So k\u00f6nnen sie in einer vertrauensvollen und kindgerechten Umgebung miteinander spielen und Zeit verbringen. Am Wochenende sind die meisten KiTas eh geschlossen, sodass keine Nutzungskonkurrenz zum Alltagsbetrieb entsteht\u201c, schl\u00e4gt Erlen vor.<\/p>\n\n\n\n<p>\u201eNat\u00fcrlich soll das Angebot auch f\u00fcr Mamas gelten\u201c, stellt Erlen klar.&nbsp;<\/p>\n\n\n\n<p>2016 berichtete die WELT, dass rund 5000 Trennungskinder deutschlandweit in Elternh\u00e4usern leben, die mehr als 500 Kilometer voneinander entfernt sind.&nbsp;<\/p>\n\n\n\n<p>Mit einer Anfrage, die im Ausschuss f\u00fcr Arbeit, Gesundheit und Soziales eingereicht wurde und an den Jugendhilfeausschuss zur Bearbeitung verwiesen wurde, setzen Partei\/Stadtgestalter eine erste Initiative f\u00fcr Kinderzimmer auf Zeit.<\/p>\n","protected":false},"excerpt":{"rendered":"<p>\u201eOftmals f\u00fchren die Lebenswege getrennt lebender Eltern weit auseinander. Wenn das Elternteil, bei dem das gemeinsame Kind haupts\u00e4chlich lebt, in einer entfernten Stadt wohnt, ergeben sich gro\u00dfe Schwierigkeiten was die Gestaltung des Umgangsrechts betrifft\u201c, beschreibt Tim Erlen, sozialpolitischer Sprecher der Fraktion Partei\/Stadtgestalter. \u201eOhne eigene Wohnung in der anderen Stadt, muss die gemeinsame Zeit mit dem<a class=\"read-more\" href=\"https:\/\/bojournal.de\/?p=3516\"> [&hellip;]<\/a><\/p>\n","protected":false},"author":271,"featured_media":3517,"comment_status":"open","ping_status":"open","sticky":false,"template":"","format":"standard","meta":{"footnotes":""},"categories":[3,5],"tags":[395,661,293,210,159],"class_list":["post-3516","post","type-post","status-publish","format-standard","has-post-thumbnail","hentry","category-schule","category-soziales","tag-alleinerziehende","tag-erziehung","tag-familie","tag-kinder","tag-kita"],"publishpress_future_action":{"enabled":false,"date":"2026-05-10 10:34:42","action":"change-status","newStatus":"draft","terms":[],"taxonomy":"category","extraData":[]},"publishpress_future_workflow_manual_trigger":{"enabledWorkflows":[]},"_links":{"self":[{"href":"https:\/\/bojournal.de\/index.php?rest_route=\/wp\/v2\/posts\/3516","targetHints":{"allow":["GET"]}}],"collection":[{"href":"https:\/\/bojournal.de\/index.php?rest_route=\/wp\/v2\/posts"}],"about":[{"href":"https:\/\/bojournal.de\/index.php?rest_route=\/wp\/v2\/types\/post"}],"author":[{"embeddable":true,"href":"https:\/\/bojournal.de\/index.php?rest_route=\/wp\/v2\/users\/271"}],"replies":[{"embeddable":true,"href":"https:\/\/bojournal.de\/index.php?rest_route=%2Fwp%2Fv2%2Fcomments&post=3516"}],"version-history":[{"count":1,"href":"https:\/\/bojournal.de\/index.php?rest_route=\/wp\/v2\/posts\/3516\/revisions"}],"predecessor-version":[{"id":3518,"href":"https:\/\/bojournal.de\/index.php?rest_route=\/wp\/v2\/posts\/3516\/revisions\/3518"}],"wp:featuredmedia":[{"embeddable":true,"href":"https:\/\/bojournal.de\/index.php?rest_route=\/wp\/v2\/media\/3517"}],"wp:attachment":[{"href":"https:\/\/bojournal.de\/index.php?rest_route=%2Fwp%2Fv2%2Fmedia&parent=3516"}],"wp:term":[{"taxonomy":"category","embeddable":true,"href":"https:\/\/bojournal.de\/index.php?rest_route=%2Fwp%2Fv2%2Fcategories&post=3516"},{"taxonomy":"post_tag","embeddable":true,"href":"https:\/\/bojournal.de\/index.php?rest_route=%2Fwp%2Fv2%2Ftags&post=3516"}],"curies":[{"name":"wp","href":"https:\/\/api.w.org\/{rel}","templated":true}]}}