{"id":3570,"date":"2021-10-31T11:17:07","date_gmt":"2021-10-31T10:17:07","guid":{"rendered":"https:\/\/bojournal.de\/?p=3570"},"modified":"2021-10-31T11:17:09","modified_gmt":"2021-10-31T10:17:09","slug":"schreiben-der-deutschen-umwelthilfe-ist-blauer-brief-fuer-die-stadt","status":"publish","type":"post","link":"https:\/\/bojournal.de\/?p=3570","title":{"rendered":"Schreiben der Deutschen Umwelthilfe ist Blauer Brief f\u00fcr die Stadt."},"content":{"rendered":"\n<p><strong>\u201eVersetzung gef\u00e4hrdet\u201c, fasst Dr. Volker Steude, Vorstand und Ratsmitglied der STADTGESTALTER, die Aussagen aus dem Schreiben der Deutschen Umwelthilfe (DUH) an Oberb\u00fcrgermeister Thomas Eiskirch zusammen. Diese hatte die Stadt Bochum zur Einhaltung der Grenzwerte f\u00fcr Stickoxide in der Luft verklagt. \u201eMan konnte sich im vergangenen in einen Vergleich retten, allerdings droht dieser der Verwaltung nun um die Ohren zu fliegen\u201c, so Dr. Steude. Die STADTGESTALTER teilen die Kritik der DUH: \u201eMa\u00dfnahmen zum Ausbau des \u00d6PNV und der Radwege haben in Bochum bislang reinen Alibi-Charakter. Anders als die rot-Gr\u00fcne Rathauskoalition wird das Gericht der Stadt ihre Vers\u00e4umnisse nicht einfach so hinnehmen\u201c, f\u00fcgt Stefan Hiltawsky, STADTGESTALTER und Mitglied im Umweltausschuss, hinzu.<\/strong><\/p>\n\n\n\n<p>\u201eTrotz schlechter Luft hie\u00df es im vergangenen Jahr zun\u00e4chst einmal \u201aAufatmen\u2019 bei der Stadt Bochum. Man war im Rathaus sehr stolz darauf, einen Richterspruch durch einen <a href=\"https:\/\/www.lokalkompass.de\/bochum\/c-politik\/vergleich-mit-umwelthilfe-ist-nur-teilerfolg_a1317954\">Vergleich mit der DUH<\/a> entgangen zu sein. Man versprach viel, aber hielt nur wenig\u201c, kritisiert Dr. Steude.<\/p>\n\n\n\n<p>\u201e<a href=\"https:\/\/www.bochum.de\/C125830C0042AB74\/vwContentByKey\/581F2BC4F0FED74CC12584AB0035011B\/$FILE\/Fachgutachten.pdf\">Das neue Netz 2020 der BOGESTRA<\/a> verbessert weder die durchschnittliche Reisezeit, noch den Anteil an Direktverbindungen des \u00d6PNV merklich. Mit einer Nachfragesteigerung von geplanten mickrigen 2,6% wird die Verkehrswende sicher nicht erreicht\u201c, argumentiert Dr. Steude. \u201eDass die rot-gr\u00fcne Koalition das noch als gro\u00dfen Wurf verteidigt, sagt schon viel aus\u201c, so Dr. Steude s\u00fcffisant.<\/p>\n\n\n\n<p>\u201eWir wollen <a href=\"https:\/\/die-stadtgestalter.de\/2021\/08\/29\/zehn-neue-linien-fuer-das-bochumer-nahverkehrsnetz\/\">stattdessen 10 neue Linien anbieten<\/a>, darunter sechs schnelle Punkt-zu-Punkt-Verbindungen per Seilbahnen. Auch eine Regiotram soll neu ins Netz kommen und eine Verbindung vom&nbsp; Bochumer Hauptbahnhof \u00fcber G\u00fcnnigfeld und Leithe bis zur Universit\u00e4t in Essen&nbsp; bzw. zum Essener Hauptbahnhof anbieten. Die 308 wollen wir bis nach Castrop verl\u00e4ngern. Eine neue Stra\u00dfenbahn 304 k\u00f6nnte vom Hauptbahnhof bis Weitmar-Kirche und von dort auf neuen Gleisen \u00fcber Weitmar Mark bis nach Stiepel fahren\u201c, skizziert Dr. Steude das Angebot der STADTGESTALTER f\u00fcr die Bochumer*innen.<\/p>\n\n\n\n<p>\u201eBeim Thema Radverkehr kuscht Rot-Gr\u00fcn vor dem Auto. Die Devise hei\u00dft: \u201aRadwege bitte m\u00f6glichst nur da, wo man dem Auto nichts wegnimmt.\u2018 Kfz-Spuren und Parkpl\u00e4tze sind in Bochum immer noch heilige K\u00fche. Radverkehrsma\u00dfnahmen, die von der rot-gr\u00fcnen Koalition 1999 im Radverkehrskonzept beschlossen wurden, <a href=\"https:\/\/die-stadtgestalter.de\/2020\/02\/02\/20-jahre-radverkehrskonzept-kaum-zaehlbares-passiert\/\">sind immer noch nicht vollst\u00e4ndig umgesetzt<\/a>. Eigentlich sollten nach \u00fcber 20 Jahren alle Stra\u00dfen des Vorbehaltsnetzes \u00fcber sichere Radwege verf\u00fcgen. Tats\u00e4chlich sind es allenfalls 10-20%. Die vom Rat 2014 und 2017 geforderte \u00dcberarbeitung des Konzepts wird erst 2022 kommen\u201c, erg\u00e4nzt Hiltawsky.&nbsp;<\/p>\n\n\n\n<p>\u201eDa verwundert es wenig, dass die Verwaltung in der Zeit vom Vergleichsschluss Im Februar 2020 bis jetzt, Oktober 2021, von den versprochenen Ma\u00dfnahmen nicht ausreichend umgesetzt hat. Anders als bei der Koalition aus SPD und Gr\u00fcnen bleiben diese Vers\u00e4umnisse vor Gericht nicht folgenlos\u201c, so Hiltawsky abschlie\u00dfend.<\/p>\n","protected":false},"excerpt":{"rendered":"<p>\u201eVersetzung gef\u00e4hrdet\u201c, fasst Dr. Volker Steude, Vorstand und Ratsmitglied der STADTGESTALTER, die Aussagen aus dem Schreiben der Deutschen Umwelthilfe (DUH) an Oberb\u00fcrgermeister Thomas Eiskirch zusammen. Diese hatte die Stadt Bochum zur Einhaltung der Grenzwerte f\u00fcr Stickoxide in der Luft verklagt. \u201eMan konnte sich im vergangenen in einen Vergleich retten, allerdings droht dieser der Verwaltung nun<a class=\"read-more\" href=\"https:\/\/bojournal.de\/?p=3570\"> [&hellip;]<\/a><\/p>\n","protected":false},"author":271,"featured_media":3571,"comment_status":"open","ping_status":"open","sticky":false,"template":"","format":"standard","meta":{"footnotes":""},"categories":[13],"tags":[401,88,523,506,555,593,589,664,663,87,525,536,490],"class_list":["post-3570","post","type-post","status-publish","format-standard","has-post-thumbnail","hentry","category-rat","tag-autoverkehr","tag-fahrrad","tag-fahrverbot","tag-fahrverbote","tag-klima","tag-klimakrise","tag-klimanotstand","tag-klimaschutz","tag-klimawandel","tag-radverkehr","tag-umweltbelastung","tag-umweltschutz","tag-verkehrswende"],"publishpress_future_action":{"enabled":false,"date":"2026-05-07 21:44:49","action":"change-status","newStatus":"draft","terms":[],"taxonomy":"category","extraData":[]},"publishpress_future_workflow_manual_trigger":{"enabledWorkflows":[]},"_links":{"self":[{"href":"https:\/\/bojournal.de\/index.php?rest_route=\/wp\/v2\/posts\/3570","targetHints":{"allow":["GET"]}}],"collection":[{"href":"https:\/\/bojournal.de\/index.php?rest_route=\/wp\/v2\/posts"}],"about":[{"href":"https:\/\/bojournal.de\/index.php?rest_route=\/wp\/v2\/types\/post"}],"author":[{"embeddable":true,"href":"https:\/\/bojournal.de\/index.php?rest_route=\/wp\/v2\/users\/271"}],"replies":[{"embeddable":true,"href":"https:\/\/bojournal.de\/index.php?rest_route=%2Fwp%2Fv2%2Fcomments&post=3570"}],"version-history":[{"count":1,"href":"https:\/\/bojournal.de\/index.php?rest_route=\/wp\/v2\/posts\/3570\/revisions"}],"predecessor-version":[{"id":3572,"href":"https:\/\/bojournal.de\/index.php?rest_route=\/wp\/v2\/posts\/3570\/revisions\/3572"}],"wp:featuredmedia":[{"embeddable":true,"href":"https:\/\/bojournal.de\/index.php?rest_route=\/wp\/v2\/media\/3571"}],"wp:attachment":[{"href":"https:\/\/bojournal.de\/index.php?rest_route=%2Fwp%2Fv2%2Fmedia&parent=3570"}],"wp:term":[{"taxonomy":"category","embeddable":true,"href":"https:\/\/bojournal.de\/index.php?rest_route=%2Fwp%2Fv2%2Fcategories&post=3570"},{"taxonomy":"post_tag","embeddable":true,"href":"https:\/\/bojournal.de\/index.php?rest_route=%2Fwp%2Fv2%2Ftags&post=3570"}],"curies":[{"name":"wp","href":"https:\/\/api.w.org\/{rel}","templated":true}]}}