{"id":3850,"date":"2022-02-14T16:30:41","date_gmt":"2022-02-14T15:30:41","guid":{"rendered":"https:\/\/bojournal.de\/?p=3850"},"modified":"2022-02-14T16:30:43","modified_gmt":"2022-02-14T15:30:43","slug":"versagen-mit-ansage-bochum-wird-das-neue-ausbauziel-der-ampelkoalition-fuer-einen-barrierefreien-oepnv-um-17-jahre-verfehlen","status":"publish","type":"post","link":"https:\/\/bojournal.de\/?p=3850","title":{"rendered":"Versagen mit Ansage &#8211; Bochum wird das neue Ausbauziel der Ampelkoalition f\u00fcr einen barrierefreien \u00d6PNV um 17 Jahre verfehlen."},"content":{"rendered":"\n<p><strong>Die Bochumer Verwaltung wird die verabredeten Ausbauziele der Ampel-Koalition f\u00fcr einen barrierefreien \u00d6PNV um mindestens 17 Jahre verfehlen, kritisieren die beiden Ratsfraktionen von CDU und PARTEI\/STADTGESTALTER.&nbsp; \u201eAb 2026 soll der \u00d6PNV deutschlandweit und ausnahmslos barrierefrei sein. So steht es schwarz auf wei\u00df im Koalitionsvertrag der Ampelregierung. Die Bochumer Verwaltung plant allerdings an hunderten Haltestellen erst lange nach 2030 mit dem Bagger anzurollen\u201c, erkl\u00e4ren Christian Haardt, Fraktionsvorsitzender der CDU und Dr. Carsten Bachert, inklusionspolitischer Sprecher von PARTEI\/STADTGESTALTER. Mit einem Antrag im Rat wollen die beiden Fraktionen nun alle Ausbau-Ma\u00dfnahmen beschleunigen.<\/strong><\/p>\n\n\n\n<p>In einer <a href=\"https:\/\/bochum.ratsinfomanagement.net\/sdnetrim\/UGhVM0hpd2NXNFdFcExjZRgUc7hYeodwo7G9UwLCuZfyIrqspnSrch3SaxuMCxNi\/Mitteilung_der_Verwaltung_20214091.pdf\">Mitteilung r\u00e4umt die Verwaltung ei<\/a>n: \u201eIn Bochum waren zum Stichtag f\u00fcr die Teilfortschreibung des Nahverkehrsplanes zur Barrierefreiheit am 31.12.2020 ca. 50 % der Steige an Haltestellen im gesamten Stadtgebiet barrierefrei ausgebaut.\u201c Die Verwaltung weist 34 ausgebaute Steige f\u00fcr 2021 aus und geht von einer \u00e4hnlichen Zahl f\u00fcr dieses Jahr aus. \u201eDas reicht bei weitem nicht. Bis die 118 Steige der Priorit\u00e4tenliste und 479 Steige ohne Priorisierung barrierefrei hergestellt sind, dauert das in diesem Tempo \u00fcber 17 Jahre\u201c, kritisieren Haardt und Dr. Bachert.<\/p>\n\n\n\n<p>\u201eSPD, Gr\u00fcne und Verwaltung spielen die \u201aDrei Affen\u2018: Nichts sehen, nichts h\u00f6ren, nichts sagen. Man darf gespannt sein, wie die Verantwortlichen bis 2026 eine barrierefreie BOGESTRA erreichen wollen. Schlie\u00dflich hat Rot-Gr\u00fcn bereits zweimal verpasst, deutlich mehr Tempo beim Haltestellenausbau zu machen\u201c, sagt Haardt. Die CDU-Fraktion stellte in 2021 im Rahmen der Haushaltsberatung sowie in der Debatte zur Fortschreibung des Nahverkehrs entsprechende Antr\u00e4ge, die von SPD und Gr\u00fcnen allerdings wiederholt abgelehnt wurden. PARTEI\/STADTGESTALTER haben die CDU-Antr\u00e4ge im Rat unterst\u00fctzt.<\/p>\n\n\n\n<p>\u201eOffensichtlich sprechen Sozialdemokraten und Gr\u00fcne in Berlin nicht mit ihren verantwortlichen Parteifreunden hier vor Ort. Denn irgendwo werden SPD und Gr\u00fcne mit Ansage durchfallen. Entweder in Berlin, falls die versprochene \u00c4nderung nun doch nicht kommt, oder in Bochum, wenn die neuen Regelungen nicht umgesetzt werden k\u00f6nnen. In jedem Fall werden das auch die Bochumer Bundestagsabgeordneten ihren B\u00fcrgern erkl\u00e4ren m\u00fcssen\u201c, so Haardt.<\/p>\n\n\n\n<p>\u201eWir werden die Ausnahmem\u00f6glichkeiten des Personenbef\u00f6rderungsgesetzes (\u00d6PNV) bis 2026 g\u00e4nzlich abschaffen\u201c, steht im Abschnitt \u201eInklusion\u201c <a href=\"https:\/\/m.tagesspiegel.de\/downloads\/27829944\/1\/koalitionsvertrag-ampel-2021-2025.pdf\">des Koalitionsvertrags der Ampel<\/a> (Seite 78, Absatz 6, Satz 1) \u201eTats\u00e4chlich war der Stichtag f\u00fcr die Barrierefreiheit im \u00d6PNV schon zum Jahreswechsel\u201c, gibt Dr. Bachert zu bedenken.<\/p>\n\n\n\n<p>\u201eDass die Verwaltung mit einem blauen Auge davonkommt, liegt nur an einer Ausnahmeregelung, nach der bei einer berechtigten Begr\u00fcndung an einzelnen Haltestellen von der Barrierefreiheit abgewichen werden kann. In Bochum ist die Ausnahme aber die hundertfache Regel geworden. Erst, wenn die angek\u00fcndigte Novelle des Personenbef\u00f6rderungsgesetzes kommt, gibt es keine Hintert\u00fcrchen mehr\u201c, erkl\u00e4rt STADTGESTALTER Dr. Bachert.<\/p>\n","protected":false},"excerpt":{"rendered":"<p>Die Bochumer Verwaltung wird die verabredeten Ausbauziele der Ampel-Koalition f\u00fcr einen barrierefreien \u00d6PNV um mindestens 17 Jahre verfehlen, kritisieren die beiden Ratsfraktionen von CDU und PARTEI\/STADTGESTALTER.&nbsp; \u201eAb 2026 soll der \u00d6PNV deutschlandweit und ausnahmslos barrierefrei sein. So steht es schwarz auf wei\u00df im Koalitionsvertrag der Ampelregierung. Die Bochumer Verwaltung plant allerdings an hunderten Haltestellen erst<a class=\"read-more\" href=\"https:\/\/bojournal.de\/?p=3850\"> [&hellip;]<\/a><\/p>\n","protected":false},"author":271,"featured_media":3852,"comment_status":"open","ping_status":"open","sticky":false,"template":"","format":"standard","meta":{"footnotes":""},"categories":[5,13,1],"tags":[717,658,64,367,241,659],"class_list":["post-3850","post","type-post","status-publish","format-standard","has-post-thumbnail","hentry","category-soziales","category-rat","category-umwelt","tag-barrierefrei","tag-barrierefreiheit","tag-bogestra","tag-haltestelle","tag-oepnv","tag-rollstuhl"],"publishpress_future_action":{"enabled":false,"date":"2026-05-10 18:17:39","action":"change-status","newStatus":"draft","terms":[],"taxonomy":"category","extraData":[]},"publishpress_future_workflow_manual_trigger":{"enabledWorkflows":[]},"_links":{"self":[{"href":"https:\/\/bojournal.de\/index.php?rest_route=\/wp\/v2\/posts\/3850","targetHints":{"allow":["GET"]}}],"collection":[{"href":"https:\/\/bojournal.de\/index.php?rest_route=\/wp\/v2\/posts"}],"about":[{"href":"https:\/\/bojournal.de\/index.php?rest_route=\/wp\/v2\/types\/post"}],"author":[{"embeddable":true,"href":"https:\/\/bojournal.de\/index.php?rest_route=\/wp\/v2\/users\/271"}],"replies":[{"embeddable":true,"href":"https:\/\/bojournal.de\/index.php?rest_route=%2Fwp%2Fv2%2Fcomments&post=3850"}],"version-history":[{"count":2,"href":"https:\/\/bojournal.de\/index.php?rest_route=\/wp\/v2\/posts\/3850\/revisions"}],"predecessor-version":[{"id":3853,"href":"https:\/\/bojournal.de\/index.php?rest_route=\/wp\/v2\/posts\/3850\/revisions\/3853"}],"wp:featuredmedia":[{"embeddable":true,"href":"https:\/\/bojournal.de\/index.php?rest_route=\/wp\/v2\/media\/3852"}],"wp:attachment":[{"href":"https:\/\/bojournal.de\/index.php?rest_route=%2Fwp%2Fv2%2Fmedia&parent=3850"}],"wp:term":[{"taxonomy":"category","embeddable":true,"href":"https:\/\/bojournal.de\/index.php?rest_route=%2Fwp%2Fv2%2Fcategories&post=3850"},{"taxonomy":"post_tag","embeddable":true,"href":"https:\/\/bojournal.de\/index.php?rest_route=%2Fwp%2Fv2%2Ftags&post=3850"}],"curies":[{"name":"wp","href":"https:\/\/api.w.org\/{rel}","templated":true}]}}