{"id":3971,"date":"2022-03-22T16:10:21","date_gmt":"2022-03-22T15:10:21","guid":{"rendered":"https:\/\/bojournal.de\/?p=3971"},"modified":"2022-03-22T16:10:23","modified_gmt":"2022-03-22T15:10:23","slug":"stadtgestalter-wollen-fahrrad-buergerbegehren-ueber-einen-ratsbuergerentscheid-retten","status":"publish","type":"post","link":"https:\/\/bojournal.de\/?p=3971","title":{"rendered":"STADTGESTALTER wollen Fahrrad-B\u00fcrgerbegehren \u00fcber einen Ratsb\u00fcrgerentscheid retten.\u00a0"},"content":{"rendered":"\n<p><\/p>\n\n\n\n<p><strong>\u201eEs kann nicht sein, dass sich Koalition und Verwaltung in Sachen RadEntscheid hinter Formalien verschanzen. Selbst wenn man das B\u00fcrgerbehren f\u00fcr unzul\u00e4ssig erkl\u00e4rt, hat der Rat Kompetenzen und M\u00f6glichkeiten, einen formal korrekten B\u00fcrgerentscheid zu beschlie\u00dfen und durchf\u00fchren zu lassen\u201c, sagt Dr. Volker Steude, Ratsmitglied der STADTGESTALTER und k\u00fcndigt einen entsprechenden Antrag im Rat an. \u201eEine Unzul\u00e4ssigleitserkl\u00e4rung darf man SPD und Gr\u00fcnen nun nicht als Ausrede f\u00fcr halbgare Kompromisse mit einem kleinstm\u00f6glichen Nenner durchgehen lassen,\u201c so Dr. Steude.<\/strong><\/p>\n\n\n\n<p>Die STADTGESTALTER <a href=\"https:\/\/bojournal.de\/?p=3969\">halten ihre Kritik an dem Gutachten von SPD-Mitglied Prof. Harald Hofmann aufrecht<\/a>, sehen aber jetzt die Kommunalpolitik in der Pflicht. \u201eEs darf nicht so aussehen, als k\u00f6nnte die Politik nur mit den Achseln zucken und ein paar Krokodilstr\u00e4nen weinen. Der Rat hat nach \u00a7 26 Abs. 1 der Gemeindeordnung NRW alle M\u00f6glichkeiten, einen Ratsb\u00fcrgerentscheid zu beschlie\u00dfen. Auf diesem Wege kann die Verwaltung beauftragt werden, die Forderungen des RadEntscheids in eine neue formal einwandfreie Form zu gie\u00dfen und den B\u00fcrger*innen zur Abstimmung vorzulegen. Genau diesen Weg wollen wir gehen, um die konkreten Forderungen des RadEntscheids zu retten und doch noch eine direktdemokratische Abstimmung durchzuf\u00fchren\u201c, erkl\u00e4rt Dr. Steude.\u00a0<\/p>\n\n\n\n<p>F\u00fcr einen Ratsb\u00fcrgerentscheid m\u00fcssten \u2154 des Rates zustimmen. Dazu Dr. Steude: \u201eWenn die anderen Parteien es mit der B\u00fcrgerbeteiligung und dem tausendfachen Wunsch der Bochumer*innen, \u00fcber die Radverkehrspolitik zu entscheiden ernstnehmen, sollte eine \u2154-Mehrheit kein Problem sein. Auch die Ratsmitglieder, die einige Inhalte des RadEntscheides skeptisch sehen, sollten dennoch f\u00fcr den Ratsb\u00fcrgerentscheid stimmen. Auch B\u00fcrger*innen, die mit Nein abstimmen wollen, w\u00fcrden so zu ihrem Recht kommen\u201c, argumentiert Dr. Steude.&nbsp;<\/p>\n\n\n\n<p>Kritisch sehen die STADTGESTALTER \u201eaktuelle Bem\u00fchungen, eine Unzul\u00e4ssigkeitserkl\u00e4rung als Vorlage f\u00fcr bequeme halbgare Kompromisse auszunutzen. Die Opposition sollte hier auf der Hut sein und nicht Staffage f\u00fcr einen rot-gr\u00fcnen Burgfrieden spielen. Inhaltlich liegen SPD und Gr\u00fcne in den Fragen des RadEntscheides tats\u00e4chlich weit auseinander. Mit dem Verweis auf das formale Scheitern ziehen sich die Gr\u00fcnen nun wohl aus der Affaire, in dem sie <a href=\"https:\/\/gruene-bochum.de\/2022\/03\/21\/radentscheid-unzulaessig-gruene-wollen-inhalte-per-ratsantrag-retten\/\">die paar unstrittige Punkte, die auch eine SPD mittragen w\u00fcrde, im Rat beschlie\u00dfen<\/a> lassen wollen. Ende bekommen die B\u00fcrgerinnen dann aber weder eine direkte Beteiligung, noch eine echte Verkehrswende\u201c, kritisiert Dr. Steude.<\/p>\n","protected":false},"excerpt":{"rendered":"<p>\u201eEs kann nicht sein, dass sich Koalition und Verwaltung in Sachen RadEntscheid hinter Formalien verschanzen. Selbst wenn man das B\u00fcrgerbehren f\u00fcr unzul\u00e4ssig erkl\u00e4rt, hat der Rat Kompetenzen und M\u00f6glichkeiten, einen formal korrekten B\u00fcrgerentscheid zu beschlie\u00dfen und durchf\u00fchren zu lassen\u201c, sagt Dr. Volker Steude, Ratsmitglied der STADTGESTALTER und k\u00fcndigt einen entsprechenden Antrag im Rat an. \u201eEine<a class=\"read-more\" href=\"https:\/\/bojournal.de\/?p=3971\"> [&hellip;]<\/a><\/p>\n","protected":false},"author":271,"featured_media":3972,"comment_status":"open","ping_status":"open","sticky":false,"template":"","format":"standard","meta":{"footnotes":""},"categories":[1],"tags":[77,449,89,723,351,87,202],"class_list":["post-3971","post","type-post","status-publish","format-standard","has-post-thumbnail","hentry","category-umwelt","tag-buergerbeteiligung","tag-buergerentscheid","tag-rad","tag-radentscheid","tag-radfahrer","tag-radverkehr","tag-radweg"],"publishpress_future_action":{"enabled":false,"date":"2026-05-07 19:00:42","action":"change-status","newStatus":"draft","terms":[],"taxonomy":"category","extraData":[]},"publishpress_future_workflow_manual_trigger":{"enabledWorkflows":[]},"_links":{"self":[{"href":"https:\/\/bojournal.de\/index.php?rest_route=\/wp\/v2\/posts\/3971","targetHints":{"allow":["GET"]}}],"collection":[{"href":"https:\/\/bojournal.de\/index.php?rest_route=\/wp\/v2\/posts"}],"about":[{"href":"https:\/\/bojournal.de\/index.php?rest_route=\/wp\/v2\/types\/post"}],"author":[{"embeddable":true,"href":"https:\/\/bojournal.de\/index.php?rest_route=\/wp\/v2\/users\/271"}],"replies":[{"embeddable":true,"href":"https:\/\/bojournal.de\/index.php?rest_route=%2Fwp%2Fv2%2Fcomments&post=3971"}],"version-history":[{"count":1,"href":"https:\/\/bojournal.de\/index.php?rest_route=\/wp\/v2\/posts\/3971\/revisions"}],"predecessor-version":[{"id":3973,"href":"https:\/\/bojournal.de\/index.php?rest_route=\/wp\/v2\/posts\/3971\/revisions\/3973"}],"wp:featuredmedia":[{"embeddable":true,"href":"https:\/\/bojournal.de\/index.php?rest_route=\/wp\/v2\/media\/3972"}],"wp:attachment":[{"href":"https:\/\/bojournal.de\/index.php?rest_route=%2Fwp%2Fv2%2Fmedia&parent=3971"}],"wp:term":[{"taxonomy":"category","embeddable":true,"href":"https:\/\/bojournal.de\/index.php?rest_route=%2Fwp%2Fv2%2Fcategories&post=3971"},{"taxonomy":"post_tag","embeddable":true,"href":"https:\/\/bojournal.de\/index.php?rest_route=%2Fwp%2Fv2%2Ftags&post=3971"}],"curies":[{"name":"wp","href":"https:\/\/api.w.org\/{rel}","templated":true}]}}