{"id":4051,"date":"2022-04-26T18:26:47","date_gmt":"2022-04-26T16:26:47","guid":{"rendered":"https:\/\/bojournal.de\/?p=4051"},"modified":"2022-04-26T18:26:49","modified_gmt":"2022-04-26T16:26:49","slug":"rasengleise-fuer-bochum-wer-hats-erfunden","status":"publish","type":"post","link":"https:\/\/bojournal.de\/?p=4051","title":{"rendered":"Rasengleise f\u00fcr Bochum &#8211; \u201eWer hat\u2018s erfunden?\u201c\u00a0"},"content":{"rendered":"\n<p><strong>\u201eAuch wir freuen uns, dass in Bochum nun Rasengleise gepr\u00fcft werden sollen. Dass sich die Gr\u00fcnen allerdings nun das Thema ans Reverse heften wollen, ist nicht korrekt\u201c, sagt Nikolas Lange, verkehrspolitischer Sprecher der STADTGESTALTER und Mitglied im Mobilit\u00e4tsausschuss. Der Impuls sei vom <\/strong><a href=\"https:\/\/bochum.ratsinfomanagement.net\/sdnetrim\/UGhVM0hpd2NXNFdFcExjZUQSAWR3M-sAhII15FPpik5iK1oXqqBJEV2ZBzjN_4JW\/Antrag_20220108.pdf\"><strong>Antrag der Fraktion PARTEI\/STADTGESTALTER ausgegangen, welcher bereits f\u00fcr den Ausschuss f\u00fcr Mobilit\u00e4t und Infrastruktur am 02. Februar 2022<\/strong><\/a><strong> eingereicht wurde. \u201eDie Koalition selbst hat die Abstimmung \u00fcber den Antrag erst verschoben und sich dann in der folgenden Sitzung am 09.03.2022 mit einem \u00c4nderungsantrag auf das Thema drauf gesetzt\u201c, sagt Lange.<\/strong><\/p>\n\n\n\n<p>Lange zeigt sich dar\u00fcber entt\u00e4uscht, da mit der Koalition bereits pers\u00f6nlicher Kontakt in der Sache bestanden habe. \u201eDa h\u00e4tte man auch einen gemeinsamen Antrag stellen k\u00f6nnen\u201c, meint Lange. So ist nun im <a href=\"https:\/\/bochum.ratsinfomanagement.net\/sdnetrim\/UGhVM0hpd2NXNFdFcExjZRt3XpuRJia3icjvUSNH8oAjM8nOlel4O-Ybwi-VMJds\/Oeffentliche_Niederschrift_Ausschuss_fuer_Mobilitaet_und_Infrastruktur_09.03.2022.pdf\">offiziellen Protokoll der Sitzung vom 09. M\u00e4rz<\/a> zu lesen: \u201eDas Angebot der Fraktion \u201eDie Partei &amp; Stadtgestalter\u201c einen gemeinsamen \u00c4nderungsantrag mit der Koalition zu stellen, wurde von Seiten der Koalition abgelehnt.\u201c&nbsp;<\/p>\n\n\n\n<p>Lange, der sich als Ingenieur bei der DB auch beruflich intensiv mit Schienenverkehr besch\u00e4ftigt, lieferte im Antrag der STADTGESTALTER bereits einen konkreten Vorschlag: \u201eIn der Wattenscheider Innenstadt k\u00f6nnte im Bereich der Friedrich-Ebert-Stra\u00dfe ein Rasengleis die graue Betonw\u00fcste durchbrechen\u201c, so der STADTGESTALTER.&nbsp;<\/p>\n\n\n\n<p>\u201eDie Koalition muss sich selbst die Frage beantworten, warum sie nicht bereit ist, im Sinne der B\u00fcrger*innen in Sachthemen mit anderen politischen Gruppierungen wie den STADTGESTALTERn zusammenzuarbeiten. Wir sind weiterhin gerne bereit dazu\u201c, so Lange. \u201eIm Endeffekt freuen wir uns, dass wir das Thema ansto\u00dfen konnten. F\u00fcr uns ist das wieder ein kleiner Erfolg\u201c, so Lange abschlie\u00dfend.&nbsp;<\/p>\n","protected":false},"excerpt":{"rendered":"<p>\u201eAuch wir freuen uns, dass in Bochum nun Rasengleise gepr\u00fcft werden sollen. Dass sich die Gr\u00fcnen allerdings nun das Thema ans Reverse heften wollen, ist nicht korrekt\u201c, sagt Nikolas Lange, verkehrspolitischer Sprecher der STADTGESTALTER und Mitglied im Mobilit\u00e4tsausschuss. Der Impuls sei vom Antrag der Fraktion PARTEI\/STADTGESTALTER ausgegangen, welcher bereits f\u00fcr den Ausschuss f\u00fcr Mobilit\u00e4t und<a class=\"read-more\" href=\"https:\/\/bojournal.de\/?p=4051\"> [&hellip;]<\/a><\/p>\n","protected":false},"author":271,"featured_media":4052,"comment_status":"open","ping_status":"open","sticky":false,"template":"","format":"standard","meta":{"footnotes":""},"categories":[13],"tags":[369,539,64,555,664,663,730,197],"class_list":["post-4051","post","type-post","status-publish","format-standard","has-post-thumbnail","hentry","category-rat","tag-bahn","tag-biodiversitaet","tag-bogestra","tag-klima","tag-klimaschutz","tag-klimawandel","tag-rasengleis","tag-verkehr"],"publishpress_future_action":{"enabled":false,"date":"2026-05-02 11:44:48","action":"change-status","newStatus":"draft","terms":[],"taxonomy":"category","extraData":[]},"publishpress_future_workflow_manual_trigger":{"enabledWorkflows":[]},"_links":{"self":[{"href":"https:\/\/bojournal.de\/index.php?rest_route=\/wp\/v2\/posts\/4051","targetHints":{"allow":["GET"]}}],"collection":[{"href":"https:\/\/bojournal.de\/index.php?rest_route=\/wp\/v2\/posts"}],"about":[{"href":"https:\/\/bojournal.de\/index.php?rest_route=\/wp\/v2\/types\/post"}],"author":[{"embeddable":true,"href":"https:\/\/bojournal.de\/index.php?rest_route=\/wp\/v2\/users\/271"}],"replies":[{"embeddable":true,"href":"https:\/\/bojournal.de\/index.php?rest_route=%2Fwp%2Fv2%2Fcomments&post=4051"}],"version-history":[{"count":1,"href":"https:\/\/bojournal.de\/index.php?rest_route=\/wp\/v2\/posts\/4051\/revisions"}],"predecessor-version":[{"id":4053,"href":"https:\/\/bojournal.de\/index.php?rest_route=\/wp\/v2\/posts\/4051\/revisions\/4053"}],"wp:featuredmedia":[{"embeddable":true,"href":"https:\/\/bojournal.de\/index.php?rest_route=\/wp\/v2\/media\/4052"}],"wp:attachment":[{"href":"https:\/\/bojournal.de\/index.php?rest_route=%2Fwp%2Fv2%2Fmedia&parent=4051"}],"wp:term":[{"taxonomy":"category","embeddable":true,"href":"https:\/\/bojournal.de\/index.php?rest_route=%2Fwp%2Fv2%2Fcategories&post=4051"},{"taxonomy":"post_tag","embeddable":true,"href":"https:\/\/bojournal.de\/index.php?rest_route=%2Fwp%2Fv2%2Ftags&post=4051"}],"curies":[{"name":"wp","href":"https:\/\/api.w.org\/{rel}","templated":true}]}}