{"id":4093,"date":"2022-05-22T14:08:07","date_gmt":"2022-05-22T12:08:07","guid":{"rendered":"https:\/\/bojournal.de\/?p=4093"},"modified":"2022-05-22T14:08:08","modified_gmt":"2022-05-22T12:08:08","slug":"autofahrer-fuer-dezibel","status":"publish","type":"post","link":"https:\/\/bojournal.de\/?p=4093","title":{"rendered":"Autofahrer f\u00fcr Dezibel"},"content":{"rendered":"\n<p>Na, super. Kaum hatte ich diese Kolumne geschrieben, schon war sie wieder obsolet. Jetzt muss ich sie umschreiben, damit es irgendwie wieder passt. Das Grundthema \u00e4ndere ich aber trotzdem nicht. \u00c4llab\u00e4tsch!<\/p>\n\n\n\n<p>Das Problem ist, dass die AfD Bochum sich urpl\u00f6tzlich zerstreuselt hat. Jetzt haben wir da statt dessen eine umbenannte Truppe mit gleichem Personal namens FFB in Bochumer Stadtrat. \u00dcber diese Merkw\u00fcrdigkeit werde ich berichten, sobald ich etwas dar\u00fcber wei\u00df oder vermute.<\/p>\n\n\n\n<figure class=\"wp-block-image size-large\"><a href=\"https:\/\/bojournal.de\/files\/2021\/01\/zauberer-fb-1.png\"><img loading=\"lazy\" decoding=\"async\" width=\"1024\" height=\"401\" src=\"https:\/\/bojournal.de\/files\/2021\/01\/zauberer-fb-1-1024x401.png\" alt=\"\" class=\"wp-image-3133\" srcset=\"https:\/\/bojournal.de\/files\/2021\/01\/zauberer-fb-1-1024x401.png 1024w, https:\/\/bojournal.de\/files\/2021\/01\/zauberer-fb-1-300x118.png 300w, https:\/\/bojournal.de\/files\/2021\/01\/zauberer-fb-1-768x301.png 768w, https:\/\/bojournal.de\/files\/2021\/01\/zauberer-fb-1.png 1049w\" sizes=\"auto, (max-width: 1024px) 100vw, 1024px\" \/><\/a><\/figure>\n\n\n\n<p>Die Thema dieser Kolumne war und ist jedenfalls ein zur\u00fcckliegendes Geschehen in Wattenscheid.<\/p>\n\n\n\n<p>Die Ereignisse da sind aufs Engste verkn\u00fcpft mit eben jener \u201eAfD\u201c, die sich in dem Moment auch noch so nannte. Diese wird von vielen Menschen gehasst und gef\u00fcrchtet, von mir selbst jedoch nicht richtig ernst genommen. Den Teil werde ich voraussichtlich in Zukunft auch oft \u00e4hnlich halten.<\/p>\n\n\n\n<p>Also: In Wattenscheid gibt das ja auch so gerade eben so eine Bezirksvertretung, wo h\u00f6chst lokale Politiker \u00fcber h\u00f6chst lokale Angelegenheiten reden, die sonst echt niemanden k\u00fcmmern. Darunter befand sich zuletzt auch eine Entscheidungsfrage bez\u00fcglich der Entscheidungsfrage, wie man mit der zul\u00e4ssigen H\u00f6chstgeschwindigkeit f\u00fcr Automobile auf irgendwelchen Stra\u00dfen umgehen sollte.<\/p>\n\n\n\n<p>Irgendwer hatte n\u00e4mlich vor ein paar Jahren die tolle Idee gehabt, ein paar davon bis auf Tempo 30 zu drosseln. Das geschah mit dem Hintergedanken, dass es dann sehr viel leiser vor Ort w\u00e4re, und die Anwohner in der weiteren Folge entweder seeliger schlafen oder ungest\u00f6rter Kaffee und Kuchen vertilgen k\u00f6nnten. Zuletzt hatte man dabei festgestellt, dass das Ergebnis nicht ganz so viel gebracht hat, wie man sich erhofft hatte. Also sollte nochmal wieder abgestimmt werden: Tempo 30 oder Tempo 50.<\/p>\n\n\n\n<p>Die CDU hat deshalb noch einen \u00c4nderungsantrag gestellt, wo sie mit Fl\u00fcsterasphalt herumspielen wollten. Da wollte aber sonst niemand mitspielen.<\/p>\n\n\n\n<p>Ich war nicht dabei, aber was dann passierte, war Folgendes:<\/p>\n\n\n\n<p>S\u00e4mtliche Mandatstr\u00e4ger und Fraktionen enthielten sich in irgendeiner Form der Stimme, voraussichtlich kopfkratzend. Dabei gab es eine einzige Ausnahme: Der einzelne Typ von der (so eben noch) AfD in der BV Wattenscheid entschloss sich, aus prinzipiellen Erw\u00e4gungen heraus f\u00fcr schnelle Autos und Brumm-brumm zu stimmen. Es steht die Frage im Raum, ob er auch Formel 1 toll findet.<\/p>\n\n\n\n<p>Ich stelle au\u00dferdem fest, dass sich offenbar gedanklich wie in der optischen Wahrnehmung niemand auch nur die Bohne um ihn gek\u00fcmmert hatte. Was die Besonderslokalpolitiker statt dessen dachten, kann ich nur raten. Vielleicht dachte man in der SPD an L\u00e4rm in einer Maschinenhalle, oder bei den Gr\u00fcnen an den Radau von Mountainbikern am Rothaarsteig, wo sie auf Zeisige st\u00f6rend wirken m\u00f6gen. Die UWG war erfahrungsgem\u00e4\u00df ideenm\u00e4\u00dfig dabei, anwohnende W\u00e4hler befragen zu wollen, w\u00e4hrend die FDP dies vielleicht von einem Zensus abh\u00e4ngig gemacht h\u00e4tte. Die CDU h\u00e4tte sich klammheimlich erfreuen k\u00f6nnen an einem absurden Plan, Friedrich Merz ein Pupskissen unterzuschieben.<\/p>\n\n\n\n<p>Offen bleibt besonders die Frage, was die Frau von der Linkspartei sich so dachte. Deren Mitglieder beobachten die AfD sonst immer mit Argusaugen. &#8211; Oder machte man sich dort vielleicht mehr Gedanken, wie \u201eTempo 30\u201c zu gendern w\u00e4re? Das w\u00fcrde nat\u00fcrlich einen hohen Grad von inhaltlicher Ablenkung bedeuten.<\/p>\n\n\n\n<p>Oder hatte jemand Geheiminformationen \u00fcber das parteilich kommende?<\/p>\n\n\n\n<p>Es bleibt als Ergebnis stehen: In demokratischer Abstimmung haben sich alle enthalten bis auf die (noch) AfD. Diese bekam damit ihren Willen. Die Wattenscheider bekommen also Brumm-brumm.<\/p>\n\n\n\n<p>&nbsp;&#8230;<\/p>\n\n\n\n<p>Nun bleibt die Frage, ob ich das auch so machen k\u00f6nnte. K\u00f6nnte ich alle m\u00f6glichen Leute ablenken, und dann als Einziger eine entscheidende Stimme abgeben? Dazu m\u00fcsste ich dann wohl mit besonders \u00fcbler Magie arbeiten. Ich k\u00f6nnte zum Beispiel Massenhypnose einsetzen. Wenn alle relevanten Anwesenden glauben, auf einem Fenstersims im Ratssaal s\u00e4\u00dfe ein Grimassen schneidender Kobold, k\u00f6nnten sie sich entsprechend beeinflussen lassen.<\/p>\n\n\n\n<p>Bei nochmaligem Nachdenken k\u00f6nnte ich auch einfach direkt einen Kobold herbeirufen. Dann m\u00fcsste ich ihm nur noch erkl\u00e4ren, dass die Mandatstr\u00e4ger sich ganz oder im Durchschnitt enthalten sollen. *Peng* h\u00e4tte ich freie Bahn. Wohlan, dann poliere ich mal mein Koboldisch auf.<\/p>\n\n\n\n<p>Bleibt b\u00f6se!<\/p>\n\n\n\n<p>Euer Tobias, der sehr finstere<\/p>\n","protected":false},"excerpt":{"rendered":"<p>Na, super. Kaum hatte ich diese Kolumne geschrieben, schon war sie wieder obsolet. Jetzt muss ich sie umschreiben, damit es irgendwie wieder passt. Das Grundthema \u00e4ndere ich aber trotzdem nicht. \u00c4llab\u00e4tsch! Das Problem ist, dass die AfD Bochum sich urpl\u00f6tzlich zerstreuselt hat. Jetzt haben wir da statt dessen eine umbenannte Truppe mit gleichem Personal namens<a class=\"read-more\" href=\"https:\/\/bojournal.de\/?p=4093\"> [&hellip;]<\/a><\/p>\n","protected":false},"author":13048,"featured_media":0,"comment_status":"open","ping_status":"open","sticky":false,"template":"","format":"standard","meta":{"footnotes":""},"categories":[13],"tags":[],"class_list":["post-4093","post","type-post","status-publish","format-standard","hentry","category-rat"],"publishpress_future_action":{"enabled":false,"date":"2026-05-09 02:24:05","action":"change-status","newStatus":"draft","terms":[],"taxonomy":"category","extraData":[]},"publishpress_future_workflow_manual_trigger":{"enabledWorkflows":[]},"_links":{"self":[{"href":"https:\/\/bojournal.de\/index.php?rest_route=\/wp\/v2\/posts\/4093","targetHints":{"allow":["GET"]}}],"collection":[{"href":"https:\/\/bojournal.de\/index.php?rest_route=\/wp\/v2\/posts"}],"about":[{"href":"https:\/\/bojournal.de\/index.php?rest_route=\/wp\/v2\/types\/post"}],"author":[{"embeddable":true,"href":"https:\/\/bojournal.de\/index.php?rest_route=\/wp\/v2\/users\/13048"}],"replies":[{"embeddable":true,"href":"https:\/\/bojournal.de\/index.php?rest_route=%2Fwp%2Fv2%2Fcomments&post=4093"}],"version-history":[{"count":1,"href":"https:\/\/bojournal.de\/index.php?rest_route=\/wp\/v2\/posts\/4093\/revisions"}],"predecessor-version":[{"id":4094,"href":"https:\/\/bojournal.de\/index.php?rest_route=\/wp\/v2\/posts\/4093\/revisions\/4094"}],"wp:attachment":[{"href":"https:\/\/bojournal.de\/index.php?rest_route=%2Fwp%2Fv2%2Fmedia&parent=4093"}],"wp:term":[{"taxonomy":"category","embeddable":true,"href":"https:\/\/bojournal.de\/index.php?rest_route=%2Fwp%2Fv2%2Fcategories&post=4093"},{"taxonomy":"post_tag","embeddable":true,"href":"https:\/\/bojournal.de\/index.php?rest_route=%2Fwp%2Fv2%2Ftags&post=4093"}],"curies":[{"name":"wp","href":"https:\/\/api.w.org\/{rel}","templated":true}]}}