{"id":4171,"date":"2022-08-26T23:47:34","date_gmt":"2022-08-26T21:47:34","guid":{"rendered":"https:\/\/bojournal.de\/?p=4171"},"modified":"2022-08-26T23:47:36","modified_gmt":"2022-08-26T21:47:36","slug":"koalition-geraet-wegen-radverkehrsfuehrung-auf-der-wittener-strasse-unter-druck-pop-up-radweg-wurde-von-rot-gruen-im-februar-abgelehnt","status":"publish","type":"post","link":"https:\/\/bojournal.de\/?p=4171","title":{"rendered":"<strong>Koalition ger\u00e4t wegen Radverkehrsf\u00fchrung auf der Wittener Stra\u00dfe unter Druck &#8211; \u201ePop-Up-Radweg wurde von Rot-Gr\u00fcn im Februar abgelehnt!\u201c<\/strong>"},"content":{"rendered":"\n<p><strong>Die STADTGESTALTER \u00fcben nach dem Radunfall auf der Wittener Stra\u00dfe deutliche Kritik an der Koalition aus SPD und Gr\u00fcnen. \u201eIm Februar hat Rot-Gr\u00fcn unseren <\/strong><a href=\"https:\/\/bochum.ratsinfomanagement.net\/sdnetrim\/UGhVM0hpd2NXNFdFcExjZaRM-0gdtRGJa57_wmoISfbVnbExhgOT39wQXz75BaHv\/Antrag_20220231_1._Nachtrag.pdf\"><strong>Vorschlag zur Einrichtung eines Pop-Up-Radweges<\/strong><\/a><strong> kurzerhand abgelehnt. Dabei hat die Verwaltung einger\u00e4umt, dass die Engstelle regelwidrig und unzureichend sei. Jetzt k\u00fcndigt die Koalition genau unseren Vorschlag als sofortige L\u00f6sung an. Gut so, aber es dr\u00e4ngt sich die Interpretation auf, dass der Ausschuss eine offensichtlich ad\u00e4quate L\u00f6sung nur aus dem Grund abgelehnt hat, weil er von einer unbequemen Fraktion kommt\u201c, kritisiert Nikolas Lange, verkehrspolitischer Sprecher der STADTGESTALTER und Mitglied im Ausschuss f\u00fcr Mobilit\u00e4t und Infrastruktur.&nbsp;<\/strong><\/p>\n\n\n\n<p>\u201eIn <a href=\"https:\/\/gruene-bochum.de\/2022\/08\/26\/wittener-strasse-koalition-fordert-nach-unfall-schnelle-loesung-fuer-radweg\/\">Ihrer Mitteilung<\/a> greift die Koalition unseren Vorschlag auf Einrichtung eines Pop-Up-Radweges auf. Die Vertreter*innen von SPD und Gr\u00fcnen lassen aber unter den Tisch fallen, dass sie genau diese L\u00f6sung vor einem halben Jahr noch abgeschmettert haben. Neben SPD und Gr\u00fcnen stimmten auch CDU, AfD und FDP gegen einen von uns beantragten Pop-Up-Radweg. Auch die Linke konnte sich nur zu einer Enthaltung durchringen\u201c, gibt Lange mit Verweis auf <a href=\"https:\/\/bochum.ratsinfomanagement.net\/sdnetrim\/UGhVM0hpd2NXNFdFcExjZbkPg2NGzW6UNKQ5usaDAg9cyNKtFVQmXA2P3r_XN_AU\/Oeffentliche_Niederschrift_Ausschuss_fuer_Mobilitaet_und_Infrastruktur_02.02.2022.pdf\">das Protokoll von der Sitzung des Ausschusses f\u00fcr Mobilit\u00e4t und Infrastruktur am 02.02.2022<\/a> wieder.&nbsp;<\/p>\n\n\n\n<p>\u201eAuch der ADFC muss sich fragen lassen, warum deren Vorsitzender als SPD-Vertreter im Verkehrsausschuss gegen eine sichere F\u00fchrung f\u00fcr den Radverkehr hat stimmen lassen. Zwar hat eine Vertreterin der SPD aufgrund der Corona-Regeln alle f\u00fcnf Stimmrechte ihrer Fraktion in der Sitzung repr\u00e4sentiert. Ein abweichendes Votum h\u00e4tte von dem Ausschussmitglied aber in jedem Falle zu Protokoll gegeben werden k\u00f6nnen\u201c, meint Lange.<\/p>\n\n\n\n<p>\u201eEs geht nicht darum, zu sagen, \u201ahaben wir doch gleich gesagt\u2018\u201c, stellt Lange klar. \u201eAber die Politik muss sich die Frage stellen, wie sie mit inhaltlich sachgerechten Vorschl\u00e4gen umgeht, auch wenn sie von einer unbequemen Fraktion kommen. Aktuell geben in der Bochumer Politik leider zu oft Befindlichkeiten den Ton an und nicht die Bed\u00fcrfnisse der B\u00fcrgerinnen und B\u00fcrger. Solche Situationen d\u00fcrfen sich gerade in Belangen der Verkehrssicherheit nicht wiederholen\u201c, so der STADTGESTALTER.<\/p>\n\n\n\n<p>\u201eWir sind jederzeit f\u00fcr sachgerechte L\u00f6sungen offen und werden den angek\u00fcndigten Antrag der Koalition auch unterst\u00fctzen und nicht aus falscher Eitelkeit ablehnen, nur weil wir das Selbe vor einem halben Jahr vorgelegt haben\u201c, sagt Lange.<\/p>\n","protected":false},"excerpt":{"rendered":"<p>Die STADTGESTALTER \u00fcben nach dem Radunfall auf der Wittener Stra\u00dfe deutliche Kritik an der Koalition aus SPD und Gr\u00fcnen. \u201eIm Februar hat Rot-Gr\u00fcn unseren Vorschlag zur Einrichtung eines Pop-Up-Radweges kurzerhand abgelehnt. Dabei hat die Verwaltung einger\u00e4umt, dass die Engstelle regelwidrig und unzureichend sei. Jetzt k\u00fcndigt die Koalition genau unseren Vorschlag als sofortige L\u00f6sung an. Gut<a class=\"read-more\" href=\"https:\/\/bojournal.de\/?p=4171\"> [&hellip;]<\/a><\/p>\n","protected":false},"author":271,"featured_media":4172,"comment_status":"open","ping_status":"open","sticky":false,"template":"","format":"standard","meta":{"footnotes":""},"categories":[13],"tags":[],"class_list":["post-4171","post","type-post","status-publish","format-standard","has-post-thumbnail","hentry","category-rat"],"publishpress_future_action":{"enabled":false,"date":"2026-05-08 13:29:22","action":"change-status","newStatus":"draft","terms":[],"taxonomy":"category","extraData":[]},"publishpress_future_workflow_manual_trigger":{"enabledWorkflows":[]},"_links":{"self":[{"href":"https:\/\/bojournal.de\/index.php?rest_route=\/wp\/v2\/posts\/4171","targetHints":{"allow":["GET"]}}],"collection":[{"href":"https:\/\/bojournal.de\/index.php?rest_route=\/wp\/v2\/posts"}],"about":[{"href":"https:\/\/bojournal.de\/index.php?rest_route=\/wp\/v2\/types\/post"}],"author":[{"embeddable":true,"href":"https:\/\/bojournal.de\/index.php?rest_route=\/wp\/v2\/users\/271"}],"replies":[{"embeddable":true,"href":"https:\/\/bojournal.de\/index.php?rest_route=%2Fwp%2Fv2%2Fcomments&post=4171"}],"version-history":[{"count":1,"href":"https:\/\/bojournal.de\/index.php?rest_route=\/wp\/v2\/posts\/4171\/revisions"}],"predecessor-version":[{"id":4173,"href":"https:\/\/bojournal.de\/index.php?rest_route=\/wp\/v2\/posts\/4171\/revisions\/4173"}],"wp:featuredmedia":[{"embeddable":true,"href":"https:\/\/bojournal.de\/index.php?rest_route=\/wp\/v2\/media\/4172"}],"wp:attachment":[{"href":"https:\/\/bojournal.de\/index.php?rest_route=%2Fwp%2Fv2%2Fmedia&parent=4171"}],"wp:term":[{"taxonomy":"category","embeddable":true,"href":"https:\/\/bojournal.de\/index.php?rest_route=%2Fwp%2Fv2%2Fcategories&post=4171"},{"taxonomy":"post_tag","embeddable":true,"href":"https:\/\/bojournal.de\/index.php?rest_route=%2Fwp%2Fv2%2Ftags&post=4171"}],"curies":[{"name":"wp","href":"https:\/\/api.w.org\/{rel}","templated":true}]}}