{"id":4298,"date":"2022-12-27T17:22:41","date_gmt":"2022-12-27T16:22:41","guid":{"rendered":"https:\/\/bojournal.de\/?p=4298"},"modified":"2022-12-27T21:36:22","modified_gmt":"2022-12-27T20:36:22","slug":"unhaltbare-zustaende-im-auslaenderbuerostadtgestalter-fordern-personelle-konsequenzen","status":"publish","type":"post","link":"https:\/\/bojournal.de\/?p=4298","title":{"rendered":"Unhaltbare Zust\u00e4nde im Ausl\u00e4nderb\u00fcro STADTGESTALTER fordern personelle Konsequenzen\u00a0"},"content":{"rendered":"\n<p><strong>\u201eDas seit Jahren andauernde Chaos im Ausl\u00e4nderb\u00fcro ist nur durch ein komplettes Organisationsversagen zu erkl\u00e4ren. Als Chef der Verwaltung tr\u00e4gt der Oberb\u00fcrgermeister die Verantwortung und muss endlich Konsequenzen ziehen. Die Amtsleitung muss ausgetauscht werden und ein externes Beratungsunternehmen muss alle Strukturen und Prozesse durchleuchten\u201c, fordert Dr. Volker Steude, Ratsmitglied der STADTGESTALTER.&nbsp;<\/strong><\/p>\n\n\n\n<p>Die STADTGESTALTER unterst\u00fctzen die aktuellen Proteste von Betroffenen gegen di unhaltbaren Zust\u00e4nde beim Ausl\u00e4nderb\u00fcro. \u201eInsbesondere den Menschen, die deutsche Staatsb\u00fcrger*innen werden wollen, sollte die Verwaltung angesichts des demographischen Wandels und des Fachkr\u00e4ftemangels keine unn\u00f6tigen und zus\u00e4tzlichen Steine in den Weg legen\u201c, argumentiert Dr. Steude.&nbsp;<\/p>\n\n\n\n<p>\u201eW\u00e4hrend Kanzler Scholz in der Bundesregierung in Sachen Willkommenskultur und Einb\u00fcrgerung aufs Tempo dr\u00fccken will, wird das Vorhaben in Bochum von der Verwaltung seines SPD-Genossen Eiskirch ausgebremst\u201c, kritisiert Dr. Steude. \u201eDer Umgang mit den Antragsteller*innen ist respektlos. Nicht nur die Wartezeiten sind unzumutbar, auch die Ignoranz der Beh\u00f6rde gg\u00fc. Sachstands- und R\u00fcckfragen ist unertr\u00e4glich.\u201c Auch die Stadt Bochum sei angesichts der wirtschaftlichen Herausforderungen darauf angewiesen, Menschen die Integration in Gesellschaft und Arbeitsmarkt zu erleichtern, meinen die STADTGESTALTER. \u201eEiskirch scheut die Verantwortung, die er als Chef der Stadtverwaltung tragen muss.\u201c<\/p>\n\n\n\n<p>Dr. Steude fordert deutliche und ernsthafte Konsequenzen bei Struktur und Personal: \u201eDa alle bisherigen Ma\u00dfnahmen offensichtlich ins Leere gelaufen sind, muss der Oberb\u00fcrgermeister eine personelle Neubesetzung im Leitungsbereich umsetzen. Die entsprechende Leitung hatte mittlerweile ausreichend Chancen gehabt und sollte nicht weiter durch den OB protegiert werden\u201c, so Dr. Steude. Das Ratsmitglied fordert dar\u00fcber hinaus die Einbindung einer externen Beratung, \u201edie schonungslos fehlerhafte Prozesse und Strukturen offenlegen soll. Berater*innen von Au\u00dfen sind hier unabh\u00e4ngig\u201c, argumentiert der STADTGESTALTER.&nbsp;<\/p>\n","protected":false},"excerpt":{"rendered":"<p>\u201eDas seit Jahren andauernde Chaos im Ausl\u00e4nderb\u00fcro ist nur durch ein komplettes Organisationsversagen zu erkl\u00e4ren. Als Chef der Verwaltung tr\u00e4gt der Oberb\u00fcrgermeister die Verantwortung und muss endlich Konsequenzen ziehen. Die Amtsleitung muss ausgetauscht werden und ein externes Beratungsunternehmen muss alle Strukturen und Prozesse durchleuchten\u201c, fordert Dr. Volker Steude, Ratsmitglied der STADTGESTALTER.&nbsp; Die STADTGESTALTER unterst\u00fctzen die<a class=\"read-more\" href=\"https:\/\/bojournal.de\/?p=4298\"> [&hellip;]<\/a><\/p>\n","protected":false},"author":271,"featured_media":4299,"comment_status":"open","ping_status":"open","sticky":false,"template":"","format":"standard","meta":{"footnotes":""},"categories":[5],"tags":[],"class_list":["post-4298","post","type-post","status-publish","format-standard","has-post-thumbnail","hentry","category-soziales"],"publishpress_future_action":{"enabled":false,"date":"2026-05-07 20:56:59","action":"change-status","newStatus":"draft","terms":[],"taxonomy":"category","extraData":[]},"publishpress_future_workflow_manual_trigger":{"enabledWorkflows":[]},"_links":{"self":[{"href":"https:\/\/bojournal.de\/index.php?rest_route=\/wp\/v2\/posts\/4298","targetHints":{"allow":["GET"]}}],"collection":[{"href":"https:\/\/bojournal.de\/index.php?rest_route=\/wp\/v2\/posts"}],"about":[{"href":"https:\/\/bojournal.de\/index.php?rest_route=\/wp\/v2\/types\/post"}],"author":[{"embeddable":true,"href":"https:\/\/bojournal.de\/index.php?rest_route=\/wp\/v2\/users\/271"}],"replies":[{"embeddable":true,"href":"https:\/\/bojournal.de\/index.php?rest_route=%2Fwp%2Fv2%2Fcomments&post=4298"}],"version-history":[{"count":2,"href":"https:\/\/bojournal.de\/index.php?rest_route=\/wp\/v2\/posts\/4298\/revisions"}],"predecessor-version":[{"id":4301,"href":"https:\/\/bojournal.de\/index.php?rest_route=\/wp\/v2\/posts\/4298\/revisions\/4301"}],"wp:featuredmedia":[{"embeddable":true,"href":"https:\/\/bojournal.de\/index.php?rest_route=\/wp\/v2\/media\/4299"}],"wp:attachment":[{"href":"https:\/\/bojournal.de\/index.php?rest_route=%2Fwp%2Fv2%2Fmedia&parent=4298"}],"wp:term":[{"taxonomy":"category","embeddable":true,"href":"https:\/\/bojournal.de\/index.php?rest_route=%2Fwp%2Fv2%2Fcategories&post=4298"},{"taxonomy":"post_tag","embeddable":true,"href":"https:\/\/bojournal.de\/index.php?rest_route=%2Fwp%2Fv2%2Ftags&post=4298"}],"curies":[{"name":"wp","href":"https:\/\/api.w.org\/{rel}","templated":true}]}}