{"id":4307,"date":"2023-01-05T11:44:25","date_gmt":"2023-01-05T10:44:25","guid":{"rendered":"https:\/\/bojournal.de\/?p=4307"},"modified":"2023-01-05T11:44:27","modified_gmt":"2023-01-05T10:44:27","slug":"bogestra-kuendigt-app-fuer-sehbehinderte-an-stadtgestalter-fordern-tempo","status":"publish","type":"post","link":"https:\/\/bojournal.de\/?p=4307","title":{"rendered":"<strong>BOGESTRA k\u00fcndigt App f\u00fcr Sehbehinderte an &#8211; STADTGESTALTER fordern Tempo&nbsp;<\/strong>"},"content":{"rendered":"\n<p><strong>Die STADTGESTALTER hatten am 19.10.2022 eine App vorgeschlagen, die Menschen mit Sehbeeintr\u00e4chtigungen mehr Barrierefreiheit im \u00d6PNV erm\u00f6glichen soll. Die BOGESTRA teilt daraufhin mit, ein solches digitales Angebot zu planen. \u201eDie Entwicklung ist erfreulich. Allerdings sollte bis zur Umsetzung nicht zu viel Zeit vergehen\u201c, kommentiert Nikolas Lange, verkehrspolitischer Sprecher der STADTGESTALTER und Mitglied im Ausschuss f\u00fcr Mobilit\u00e4t und Infrastruktur.&nbsp;<\/strong><\/p>\n\n\n\n<p>\u201eF\u00fcr Sehbeeintr\u00e4chtigte und Blinde ist die Nutzung des \u00d6PNV mit vielen Barrieren verbunden. Um eine echte Teilhabe am \u00f6ffentlichen Leben zu erm\u00f6glichen, haben wir eine spezielle Service-App vorgeschlagen\u201c, schildert Lange.&nbsp;<\/p>\n\n\n\n<p><a href=\"https:\/\/www.vag-freiburg.de\/aktuelles\/meldung\/neu-vag-radar-fuer-blinde-und-sehbehinderte\">Die STADTGESTALTER verweisen dabei auf ein entsprechendes Angebot der Freiburger Verkehrs AG. <\/a>\u201eDort k\u00fcndigen sich Busse und Bahnen automatisch auf den Smartphones der Sehbeeintr\u00e4chtigten an und teilen akustisch ihre Linie und Fahrtrichtung mit. Innerhalb der Fahrzeuge k\u00f6nnen Haltew\u00fcnsche ganz einfach per Smartphone ausgel\u00f6st werden. Ein Ertasten und Suchen der Kn\u00f6pfe im Fahrzeug ist dann nicht mehr notwendig. Zus\u00e4tzlich geben die T\u00fcren der Fahrzeuge bei einem Halt Tonsignale von sich, damit sich Sehbeeintr\u00e4chtigte bei Ein- und Ausstieg leichter orientieren k\u00f6nnen\u201c, so Lange.\u00a0<\/p>\n\n\n<div class=\"wp-block-image\">\n<figure class=\"alignleft size-large is-resized\"><a href=\"https:\/\/bojournal.de\/files\/2023\/01\/6F53A2E5-0FE8-44D2-A338-F21193FCF4F8.jpeg\"><img loading=\"lazy\" decoding=\"async\" src=\"https:\/\/bojournal.de\/files\/2023\/01\/6F53A2E5-0FE8-44D2-A338-F21193FCF4F8-1024x1006.jpeg\" alt=\"\" class=\"wp-image-4308\" width=\"237\" height=\"232\" srcset=\"https:\/\/bojournal.de\/files\/2023\/01\/6F53A2E5-0FE8-44D2-A338-F21193FCF4F8-1024x1006.jpeg 1024w, https:\/\/bojournal.de\/files\/2023\/01\/6F53A2E5-0FE8-44D2-A338-F21193FCF4F8-300x295.jpeg 300w, https:\/\/bojournal.de\/files\/2023\/01\/6F53A2E5-0FE8-44D2-A338-F21193FCF4F8-768x755.jpeg 768w, https:\/\/bojournal.de\/files\/2023\/01\/6F53A2E5-0FE8-44D2-A338-F21193FCF4F8.jpeg 1285w\" sizes=\"auto, (max-width: 237px) 100vw, 237px\" \/><\/a><\/figure>\n<\/div>\n\n\n<p>Die STADTGESTALTER fordern eine solche digitale L\u00f6sung auch f\u00fcr die BOGESTRA. \u201eDazu muss eine App programmiert werden, die Fahrzeuge zum Beispiel mit Bluetooth und Software nachger\u00fcstet werden\u201c, erkl\u00e4rt Lange.\u00a0<\/p>\n\n\n\n<p><a href=\"https:\/\/bochum.ratsinfomanagement.net\/sdnetrim\/UGhVM0hpd2NXNFdFcExjZda1RfILn7MA1Q2gaZsj16HW4dFlypAds5q4bkEjiR8E\/Antwort_der_Verwaltung_20223119_1._Nachtrag.pdf\">Auf Anfrage der STADTGESTALTER k\u00fcndigt die BOGESTRA an, ein \u00e4hnliches Angebot planen zu wollen.<\/a> Man orientiere sich dabei an einem Modell der Verkehrsgesellschaft Ruhr Lippe, das in Soest, Unna und dem Hochsauerlandkreis bereits in rund 650 Fahrzeugen im Einsatz sei. Dazu verweist die BOGESTRA auf eine App-L\u00f6sung, die der VRR und die Ruhrbahn umsetzen.\u00a0<br><\/p>\n\n\n<div class=\"wp-block-image\">\n<figure class=\"alignright size-large is-resized\"><a href=\"https:\/\/bojournal.de\/files\/2022\/11\/654F2ABE-CF68-46A1-8AF2-E23DD7B991D9.jpeg\"><img loading=\"lazy\" decoding=\"async\" src=\"https:\/\/bojournal.de\/files\/2022\/11\/654F2ABE-CF68-46A1-8AF2-E23DD7B991D9-743x1024.jpeg\" alt=\"\" class=\"wp-image-4243\" width=\"205\" height=\"283\" srcset=\"https:\/\/bojournal.de\/files\/2022\/11\/654F2ABE-CF68-46A1-8AF2-E23DD7B991D9-743x1024.jpeg 743w, https:\/\/bojournal.de\/files\/2022\/11\/654F2ABE-CF68-46A1-8AF2-E23DD7B991D9-218x300.jpeg 218w, https:\/\/bojournal.de\/files\/2022\/11\/654F2ABE-CF68-46A1-8AF2-E23DD7B991D9-768x1059.jpeg 768w, https:\/\/bojournal.de\/files\/2022\/11\/654F2ABE-CF68-46A1-8AF2-E23DD7B991D9-1114x1536.jpeg 1114w, https:\/\/bojournal.de\/files\/2022\/11\/654F2ABE-CF68-46A1-8AF2-E23DD7B991D9.jpeg 1219w\" sizes=\"auto, (max-width: 205px) 100vw, 205px\" \/><\/a><figcaption class=\"wp-element-caption\">Nikolas Lange, verkehrspolitischer Sprecher der STADTGESTALTER <\/figcaption><\/figure>\n<\/div>\n\n\n<p>\u201eDass die BOGESTRA eine gemeinsame Strategie verfolgt, welche die umliegenden Aufgabentr\u00e4ger und Verkehrsunternehmen einschlie\u00dfe und weiteren Insell\u00f6sungen vorbeuge, ist zun\u00e4chst positiv. Allerdings schimmert in der Antwort durch, dass man noch ganz am Anfang einer Entwicklung steht und nur Absichtserkl\u00e4rungen gegeben werden. W\u00e4hrend solche Systeme in anderen St\u00e4dten bereits erfolgreich eingesetzt werden, m\u00fcssen Bochumer Blinde und Sehbehinderte wohl noch l\u00e4nger warten\u201c, erg\u00e4nzt Ratsmitglied Dr. Volker Steude. Das Ratsmitglied der STADTGESTALTER fordert mehr Tempo in Sachen Barrierefreiheit im \u00d6PNV. \u201eBesser w\u00e4re es, andere St\u00e4dte k\u00f6nnen sich die BOGESTRA zum Vorbild nehmen als immer nur umgedreht\u201c, so Dr. Steude&nbsp;<\/p>\n","protected":false},"excerpt":{"rendered":"<p>Die STADTGESTALTER hatten am 19.10.2022 eine App vorgeschlagen, die Menschen mit Sehbeeintr\u00e4chtigungen mehr Barrierefreiheit im \u00d6PNV erm\u00f6glichen soll. Die BOGESTRA teilt daraufhin mit, ein solches digitales Angebot zu planen. \u201eDie Entwicklung ist erfreulich. Allerdings sollte bis zur Umsetzung nicht zu viel Zeit vergehen\u201c, kommentiert Nikolas Lange, verkehrspolitischer Sprecher der STADTGESTALTER und Mitglied im Ausschuss f\u00fcr<a class=\"read-more\" href=\"https:\/\/bojournal.de\/?p=4307\"> [&hellip;]<\/a><\/p>\n","protected":false},"author":271,"featured_media":4309,"comment_status":"open","ping_status":"open","sticky":false,"template":"","format":"standard","meta":{"footnotes":""},"categories":[5,1],"tags":[365,369,717,658,494,620,757,64,223,160,428,197],"class_list":["post-4307","post","type-post","status-publish","format-standard","has-post-thumbnail","hentry","category-soziales","category-umwelt","tag-app","tag-bahn","tag-barrierefrei","tag-barrierefreiheit","tag-behinderte","tag-behinderte-menschen","tag-blinde","tag-bogestra","tag-bus","tag-digitalisierung","tag-service","tag-verkehr"],"publishpress_future_action":{"enabled":false,"date":"2026-05-07 15:16:23","action":"change-status","newStatus":"draft","terms":[],"taxonomy":"category","extraData":[]},"publishpress_future_workflow_manual_trigger":{"enabledWorkflows":[]},"_links":{"self":[{"href":"https:\/\/bojournal.de\/index.php?rest_route=\/wp\/v2\/posts\/4307","targetHints":{"allow":["GET"]}}],"collection":[{"href":"https:\/\/bojournal.de\/index.php?rest_route=\/wp\/v2\/posts"}],"about":[{"href":"https:\/\/bojournal.de\/index.php?rest_route=\/wp\/v2\/types\/post"}],"author":[{"embeddable":true,"href":"https:\/\/bojournal.de\/index.php?rest_route=\/wp\/v2\/users\/271"}],"replies":[{"embeddable":true,"href":"https:\/\/bojournal.de\/index.php?rest_route=%2Fwp%2Fv2%2Fcomments&post=4307"}],"version-history":[{"count":1,"href":"https:\/\/bojournal.de\/index.php?rest_route=\/wp\/v2\/posts\/4307\/revisions"}],"predecessor-version":[{"id":4310,"href":"https:\/\/bojournal.de\/index.php?rest_route=\/wp\/v2\/posts\/4307\/revisions\/4310"}],"wp:featuredmedia":[{"embeddable":true,"href":"https:\/\/bojournal.de\/index.php?rest_route=\/wp\/v2\/media\/4309"}],"wp:attachment":[{"href":"https:\/\/bojournal.de\/index.php?rest_route=%2Fwp%2Fv2%2Fmedia&parent=4307"}],"wp:term":[{"taxonomy":"category","embeddable":true,"href":"https:\/\/bojournal.de\/index.php?rest_route=%2Fwp%2Fv2%2Fcategories&post=4307"},{"taxonomy":"post_tag","embeddable":true,"href":"https:\/\/bojournal.de\/index.php?rest_route=%2Fwp%2Fv2%2Ftags&post=4307"}],"curies":[{"name":"wp","href":"https:\/\/api.w.org\/{rel}","templated":true}]}}