{"id":4810,"date":"2023-09-22T22:48:04","date_gmt":"2023-09-22T20:48:04","guid":{"rendered":"https:\/\/bojournal.de\/?p=4810"},"modified":"2023-09-22T22:48:06","modified_gmt":"2023-09-22T20:48:06","slug":"mit-neuer-grundsteuer-c-gegen-wohnungsnot","status":"publish","type":"post","link":"https:\/\/bojournal.de\/?p=4810","title":{"rendered":"Mit neuer Grundsteuer C gegen Wohnungsnot"},"content":{"rendered":"\n<p>Auf Antrag der STADTGESTALTER wird der Rat am 28.09.2023 \u00fcber die <a href=\"https:\/\/bochum.ratsinfomanagement.net\/sdnetrim\/UGhVM0hpd2NXNFdFcExjZThIobCSOzr2Waegtlt0FZvQ9H-8ps49XxI8lFSVsk1Z\/Antrag_20232478_3._Nachtrag.pdf\">Einf\u00fchrung einer neuen Grundsteuerart in Bochum<\/a> entscheiden. Sollte eine Mehrheit zustimmen, werden ab 2025 erstmals auch f\u00fcr baureife, aber noch unbebaute Grundst\u00fccke Abgaben f\u00e4llig.&nbsp;<\/p>\n\n\n\n<p>\u201eDie Grundsteuer C soll Anreize schaffen, Baul\u00fccken in bereits bebauten Bereichen zu schlie\u00dfen. Mit der Nachverdichtung schafft man umweltvertr\u00e4glich neuen Wohnraum, weil so Freifl\u00e4chen in Au\u00dfenbereichen unangetastet bleiben k\u00f6nnen\u201c, erkl\u00e4rt \u00d6konom und Ratsmitglied Dr. Volker Steude. \u201eAktuell verleiten die hohen Baukosten, der hohe b\u00fcrokratische Aufwand und die im Vergleich zu anderen Standorten niedrigeren erzielbaren Mieten in Bochum dazu, baureife Baul\u00fccken ungenutzt liegen zu lassen. Bislang gab es dadurch f\u00fcr die Eigent\u00fcmer keine Nachteile. Mit der Einf\u00fchrung der Grundsteuer C wird dieses Verhalten unattraktiv.\u201c<\/p>\n\n\n\n<p>Bislang muss Grundsteuer nur f\u00fcr bebaute Grundst\u00fccke (Grundsteuer B) oder landwirtschaftliche Fl\u00e4chen (Grundsteuer A). Der Bundestag hat 2019 die Grundlagen geschaffen, dass Kommunen ab 2025 solche Baul\u00fccken mit Abgaben belegen k\u00f6nnen. \u201eDieses Werkzeug wollen wir in Bochum nutzen\u201c, so STADTGESTALTER Dr. Steude.&nbsp;&nbsp;<\/p>\n\n\n\n<p>Bislang sei die Stadt nach Ansicht der STADTGESTALTER wenig erfolgreich gewesen, Baul\u00fccken zu aktivieren. Dabei hat das Handlungskonzept Wohnen bereits 2017 sehr viele Baul\u00fccken identifiziert &#8211; 300 an der Zahl. \u201eDie damaligen Eigent\u00fcmeranschreiben der Stadt sind wirkungslos verpufft\u201c, kommentiert Dr. Steude.&nbsp;<\/p>\n\n\n\n<p>Laut Angaben der Wohnungswirtschaft k\u00f6nnten deutschlandweit <a href=\"https:\/\/www.welt.de\/wirtschaft\/article247552588\/Verbaende-rechnen-mit-bis-zu-einer-Million-fehlender-Wohnungen-bis-2025.html\">bis 2025 rund 1 Mio. Wohnungen fehlen<\/a>. \u201eAngesichts des Klimawandels kann es aber nicht sein, dass wir massenweise Neubauten auf der \u201aGr\u00fcnen Wiese\u2018 hochziehen. Diese zusammenh\u00e4ngenden und gro\u00dfen Freifl\u00e4chen haben eine besondere \u00f6kologische Bedeutung\u201c, stellt Dr. Steude klar. Seine STADTGESTALTER sehen daher&nbsp;<\/p>\n\n\n\n<p>\u201eDie Grundsteuer C dient nicht dazu, Einnahmen f\u00fcr die Stadtkasse zu erzielen. Die Einf\u00fchrung der neuen Grundsteuer soll aufkommensneutral erfolgen. Das bedeutet, die Grundsteuer B soll im gleichen Umfang gesenkt werden, die Wohnkosten, auch f\u00fcr Mietende, daher also sogar sinken k\u00f6nnen\u201c, so Dr. Steude.\u00a0\u00a0<br><\/p>\n\n\n\n<figure class=\"wp-block-image size-large\"><a href=\"https:\/\/bojournal.de\/files\/2023\/09\/F788880C-8E45-4D19-BA52-F71CBD3400A2.png\"><img loading=\"lazy\" decoding=\"async\" width=\"1024\" height=\"1024\" src=\"https:\/\/bojournal.de\/files\/2023\/09\/F788880C-8E45-4D19-BA52-F71CBD3400A2-1024x1024.png\" alt=\"\" class=\"wp-image-4812\" srcset=\"https:\/\/bojournal.de\/files\/2023\/09\/F788880C-8E45-4D19-BA52-F71CBD3400A2-1024x1024.png 1024w, https:\/\/bojournal.de\/files\/2023\/09\/F788880C-8E45-4D19-BA52-F71CBD3400A2-300x300.png 300w, https:\/\/bojournal.de\/files\/2023\/09\/F788880C-8E45-4D19-BA52-F71CBD3400A2-150x150.png 150w, https:\/\/bojournal.de\/files\/2023\/09\/F788880C-8E45-4D19-BA52-F71CBD3400A2-768x768.png 768w, https:\/\/bojournal.de\/files\/2023\/09\/F788880C-8E45-4D19-BA52-F71CBD3400A2-1536x1536.png 1536w, https:\/\/bojournal.de\/files\/2023\/09\/F788880C-8E45-4D19-BA52-F71CBD3400A2-420x420.png 420w, https:\/\/bojournal.de\/files\/2023\/09\/F788880C-8E45-4D19-BA52-F71CBD3400A2-640x640.png 640w, https:\/\/bojournal.de\/files\/2023\/09\/F788880C-8E45-4D19-BA52-F71CBD3400A2-681x681.png 681w, https:\/\/bojournal.de\/files\/2023\/09\/F788880C-8E45-4D19-BA52-F71CBD3400A2-1320x1320.png 1320w, https:\/\/bojournal.de\/files\/2023\/09\/F788880C-8E45-4D19-BA52-F71CBD3400A2.png 2000w\" sizes=\"auto, (max-width: 1024px) 100vw, 1024px\" \/><\/a><\/figure>\n","protected":false},"excerpt":{"rendered":"<p>Auf Antrag der STADTGESTALTER wird der Rat am 28.09.2023 \u00fcber die Einf\u00fchrung einer neuen Grundsteuerart in Bochum entscheiden. Sollte eine Mehrheit zustimmen, werden ab 2025 erstmals auch f\u00fcr baureife, aber noch unbebaute Grundst\u00fccke Abgaben f\u00e4llig.&nbsp; \u201eDie Grundsteuer C soll Anreize schaffen, Baul\u00fccken in bereits bebauten Bereichen zu schlie\u00dfen. Mit der Nachverdichtung schafft man umweltvertr\u00e4glich neuen<a class=\"read-more\" href=\"https:\/\/bojournal.de\/?p=4810\"> [&hellip;]<\/a><\/p>\n","protected":false},"author":266,"featured_media":4811,"comment_status":"open","ping_status":"open","sticky":false,"template":"","format":"standard","meta":{"footnotes":""},"categories":[13],"tags":[184,800,208,801,799,330,536],"class_list":["post-4810","post","type-post","status-publish","format-standard","has-post-thumbnail","hentry","category-rat","tag-bauleitplanung","tag-bauluecken","tag-finanzen","tag-flaechenverbrauch","tag-grundsteuer","tag-naturschutz","tag-umweltschutz"],"publishpress_future_action":{"enabled":false,"date":"2026-05-07 21:44:27","action":"change-status","newStatus":"draft","terms":[],"taxonomy":"category","extraData":[]},"publishpress_future_workflow_manual_trigger":{"enabledWorkflows":[]},"_links":{"self":[{"href":"https:\/\/bojournal.de\/index.php?rest_route=\/wp\/v2\/posts\/4810","targetHints":{"allow":["GET"]}}],"collection":[{"href":"https:\/\/bojournal.de\/index.php?rest_route=\/wp\/v2\/posts"}],"about":[{"href":"https:\/\/bojournal.de\/index.php?rest_route=\/wp\/v2\/types\/post"}],"author":[{"embeddable":true,"href":"https:\/\/bojournal.de\/index.php?rest_route=\/wp\/v2\/users\/266"}],"replies":[{"embeddable":true,"href":"https:\/\/bojournal.de\/index.php?rest_route=%2Fwp%2Fv2%2Fcomments&post=4810"}],"version-history":[{"count":1,"href":"https:\/\/bojournal.de\/index.php?rest_route=\/wp\/v2\/posts\/4810\/revisions"}],"predecessor-version":[{"id":4813,"href":"https:\/\/bojournal.de\/index.php?rest_route=\/wp\/v2\/posts\/4810\/revisions\/4813"}],"wp:featuredmedia":[{"embeddable":true,"href":"https:\/\/bojournal.de\/index.php?rest_route=\/wp\/v2\/media\/4811"}],"wp:attachment":[{"href":"https:\/\/bojournal.de\/index.php?rest_route=%2Fwp%2Fv2%2Fmedia&parent=4810"}],"wp:term":[{"taxonomy":"category","embeddable":true,"href":"https:\/\/bojournal.de\/index.php?rest_route=%2Fwp%2Fv2%2Fcategories&post=4810"},{"taxonomy":"post_tag","embeddable":true,"href":"https:\/\/bojournal.de\/index.php?rest_route=%2Fwp%2Fv2%2Ftags&post=4810"}],"curies":[{"name":"wp","href":"https:\/\/api.w.org\/{rel}","templated":true}]}}