{"id":4980,"date":"2024-03-05T14:16:11","date_gmt":"2024-03-05T13:16:11","guid":{"rendered":"https:\/\/bojournal.de\/?p=4980"},"modified":"2024-03-05T14:26:20","modified_gmt":"2024-03-05T13:26:20","slug":"probleme-der-wochenmaerkte-haben-spd-und-gruene-verursacht","status":"publish","type":"post","link":"https:\/\/bojournal.de\/?p=4980","title":{"rendered":"Probleme der Wochenm\u00e4rkte haben SPD und Gr\u00fcne verursacht\u00a0"},"content":{"rendered":"\n<p>\u201eDie Aufregung \u00fcber die Probleme der Wochenm\u00e4rkte ist gro\u00df. Die Kosten f\u00fcr die Markth\u00e4ndler sind extrem gestiegen und es steht die Existenz von Standorten und Angeboten auf dem Spiel. Aber offenbar fragt sich niemand, was die Ursache hierf\u00fcr ist\u201c, erkl\u00e4rt Dr. Volker Steude, Ratsmitglied der STADTGESTALTER.<\/p>\n\n\n\n<p><a href=\"https:\/\/www.waz.de\/staedte\/wattenscheid\/article241815356\/Wochenmaerkte-in-Bochum-Petition-zum-Erhalt-gestartet.html\">\u201eDie WAZ berichtet aktuell, dass die hohen Reinigungskosten von 250.000 EUR pro Jahr, die der st\u00e4dtische USB in Rechnung stellt, ein Hauptfaktor f\u00fcr die Wochenmarkt-Krise sind. <\/a>SPD und Gr\u00fcne hatten bei der Grundsatzentscheidung zur Privatisierung der Wochenm\u00e4rkte im Jahr 2018 <a href=\"https:\/\/bochum.ratsinfomanagement.net\/sdnetrim\/UGhVM0hpd2NXNFdFcExjZcIDXqcgDLc9u8SV9OCjWbZd_Ock6F2-JJRO42oIvP4C\/Antrag_20180321.pdf\">ausdr\u00fccklich die Zwangsreinigung&nbsp; durch den USB vorgeschrieben. <\/a>Heute m\u00f6chte sich daran wohl niemand mehr erinnern\u201c, kritisiert Dr. Steude.<\/p>\n\n\n\n<p>\u201eDie Krise ist also von der Politik hausgemacht\u201c, so Dr. Steude. Die STADTGESTALTER hatten 2018 gemeinsam mit der FDP das genaue Gegenteil beantragt: <a href=\"https:\/\/bochum.ratsinfomanagement.net\/sdnetrim\/UGhVM0hpd2NXNFdFcExjZbN73xpc2W3YCfvjkrdEFO85z5pKnRYYAG8ny58fMqNk\/Antrag_20180209.pdf\">\u201eWie und wer die Reinigung erledigt sollte unserem Antrag nach der neuen Veranstalter entscheiden k\u00f6nnen.<\/a> Markth\u00e4ndler h\u00e4tten die Reinigung auch alleine erledigen k\u00f6nnen, solange am Ende alles sauber ist. So h\u00e4tten Veranstalter und H\u00e4ndler einen der gr\u00f6\u00dften Kostentreiber selbst steuern k\u00f6nnen. Das wurde bewusst von Rot-Gr\u00fcn verhindert\u201c, so \u00d6konom Dr. Steude.<\/p>\n\n\n\n<p>\u201eH\u00e4tte sich die Ratsmehrheit dem Antrag von STADTGESTALTERn und FDP angeschlossen\u201c, ist sich Dr. Steude sicher, \u201eh\u00e4tten wir das Problem in dem Ausma\u00df heute gar nicht.\u201c Das Ratsmitglied der STADTGESTALTER setzt nun darauf, dass man sich nun noch mal die Regel zur Reinigung der Wochenm\u00e4rkte vornimmt und den Fehler von damals korrigiert.&nbsp;<\/p>\n\n\n\n<p>\u201eAuf die Sauberkeit kommt es doch an &#8211; Nicht darauf, dass dem USB ein lukrativer Auftrag erhalten bleibt\u201c, meinen die STADTGESTALTER.<\/p>\n","protected":false},"excerpt":{"rendered":"<p>\u201eDie Aufregung \u00fcber die Probleme der Wochenm\u00e4rkte ist gro\u00df. Die Kosten f\u00fcr die Markth\u00e4ndler sind extrem gestiegen und es steht die Existenz von Standorten und Angeboten auf dem Spiel. Aber offenbar fragt sich niemand, was die Ursache hierf\u00fcr ist\u201c, erkl\u00e4rt Dr. Volker Steude, Ratsmitglied der STADTGESTALTER. \u201eDie WAZ berichtet aktuell, dass die hohen Reinigungskosten von<a class=\"read-more\" href=\"https:\/\/bojournal.de\/?p=4980\"> [&hellip;]<\/a><\/p>\n","protected":false},"author":271,"featured_media":4981,"comment_status":"open","ping_status":"open","sticky":false,"template":"","format":"standard","meta":{"footnotes":""},"categories":[689,1],"tags":[95,112,94],"class_list":["post-4980","post","type-post","status-publish","format-standard","has-post-thumbnail","hentry","category-sicherheit-ordnung","category-umwelt","tag-markt","tag-usb","tag-wochenmaerkte"],"publishpress_future_action":{"enabled":false,"date":"2026-05-08 16:53:44","action":"change-status","newStatus":"draft","terms":[],"taxonomy":"category","extraData":[]},"publishpress_future_workflow_manual_trigger":{"enabledWorkflows":[]},"_links":{"self":[{"href":"https:\/\/bojournal.de\/index.php?rest_route=\/wp\/v2\/posts\/4980","targetHints":{"allow":["GET"]}}],"collection":[{"href":"https:\/\/bojournal.de\/index.php?rest_route=\/wp\/v2\/posts"}],"about":[{"href":"https:\/\/bojournal.de\/index.php?rest_route=\/wp\/v2\/types\/post"}],"author":[{"embeddable":true,"href":"https:\/\/bojournal.de\/index.php?rest_route=\/wp\/v2\/users\/271"}],"replies":[{"embeddable":true,"href":"https:\/\/bojournal.de\/index.php?rest_route=%2Fwp%2Fv2%2Fcomments&post=4980"}],"version-history":[{"count":2,"href":"https:\/\/bojournal.de\/index.php?rest_route=\/wp\/v2\/posts\/4980\/revisions"}],"predecessor-version":[{"id":4984,"href":"https:\/\/bojournal.de\/index.php?rest_route=\/wp\/v2\/posts\/4980\/revisions\/4984"}],"wp:featuredmedia":[{"embeddable":true,"href":"https:\/\/bojournal.de\/index.php?rest_route=\/wp\/v2\/media\/4981"}],"wp:attachment":[{"href":"https:\/\/bojournal.de\/index.php?rest_route=%2Fwp%2Fv2%2Fmedia&parent=4980"}],"wp:term":[{"taxonomy":"category","embeddable":true,"href":"https:\/\/bojournal.de\/index.php?rest_route=%2Fwp%2Fv2%2Fcategories&post=4980"},{"taxonomy":"post_tag","embeddable":true,"href":"https:\/\/bojournal.de\/index.php?rest_route=%2Fwp%2Fv2%2Ftags&post=4980"}],"curies":[{"name":"wp","href":"https:\/\/api.w.org\/{rel}","templated":true}]}}